{"id":835,"date":"2025-11-18T10:20:51","date_gmt":"2025-11-18T09:20:51","guid":{"rendered":"https:\/\/web-france.eu\/?p=835"},"modified":"2025-11-19T10:42:28","modified_gmt":"2025-11-19T09:42:28","slug":"fiscalite-des-associations","status":"publish","type":"post","link":"https:\/\/web-france.eu\/index.php\/2025\/11\/18\/fiscalite-des-associations\/","title":{"rendered":"Fiscalit\u00e9 des associations"},"content":{"rendered":"<p style=\"text-align: justify;\">Les associations et les organismes sans but lucratif ne sont pas soumis aux imp\u00f4ts (TVA, CET, IR, IS) \u00e0 condition que pour l\u2019essentiel, leurs activit\u00e9s restent non lucratives. S\u2019ils ne respectent pas les r\u00e8gles de non-lucrativit\u00e9, ils deviennent imposables sur l\u2019ensemble de leurs activit\u00e9s (lucratives et non-lucratives).<\/p>\n<p style=\"text-align: justify;\">Activit\u00e9s non lucratives<\/p>\n<p style=\"text-align: justify;\">Les organismes sans but lucratif peuvent b\u00e9n\u00e9ficier d\u2019exon\u00e9ration d\u2019imp\u00f4ts et taxes :<\/p>\n<ul>\n<li style=\"text-align: justify;\">Les associations r\u00e9gies par la loi de 1901.<\/li>\n<li style=\"text-align: justify;\">Les fondations reconnues d\u2019utilit\u00e9 publique.<\/li>\n<li style=\"text-align: justify;\">Les fondations d\u2019entreprises.<\/li>\n<li>Les syndicats professionnels.<\/li>\n<li>Les congr\u00e9gations religieuses.<\/li>\n<li>Les fonds de dotation.<\/li>\n<\/ul>\n<p style=\"text-align: justify;\">Il faut que leurs activit\u00e9s non-lucratives soient pr\u00e9pond\u00e9rantes.<\/p>\n<p style=\"text-align: justify;\"><strong>D\u00e9finition des activit\u00e9s non lucratives<\/strong><\/p>\n<p style=\"text-align: justify;\">Trois crit\u00e8res sont demand\u00e9s.<\/p>\n<p style=\"text-align: justify;\"><strong>Caract\u00e8re d\u00e9sint\u00e9ress\u00e9 de la gestion<\/strong><\/p>\n<p style=\"text-align: justify;\">L\u2019organisme doit \u00eatre g\u00e9r\u00e9 et administr\u00e9 \u00e0 titre b\u00e9n\u00e9vole par des personnes n\u2019ayant aucun int\u00e9r\u00eat direct ou indirect dans les r\u00e9sultats d\u2019exploitation.<\/p>\n<p style=\"text-align: justify;\">L\u2019organisme ne doit proc\u00e9der \u00e0 aucune distribution de b\u00e9n\u00e9fice et quelle que soit la forme. L\u2019organisme peut r\u00e9mun\u00e9rer ses dirigeants \u00e0 conditions de respecter le plafond des \u00be du SMIC.<\/p>\n<table border=\"1\">\n<tbody>\n<tr>\n<td width=\"225\">\n<p align=\"center\"><strong>Recettes annuelles<\/strong><\/p>\n<p align=\"center\"><strong>(hors subventions)<\/strong><\/p>\n<\/td>\n<td width=\"225\">\n<p align=\"center\"><strong>Nombre de dirigeant(s)<\/strong><\/p>\n<\/td>\n<\/tr>\n<tr>\n<td width=\"225\">\n<p align=\"center\">0 &#8211; 200 000 \u20ac<\/p>\n<\/td>\n<td width=\"225\">\n<p align=\"center\">0 hors plafond<\/p>\n<\/td>\n<\/tr>\n<tr>\n<td width=\"225\">\n<p align=\"center\">200 000 &#8211; 500 000<\/p>\n<\/td>\n<td width=\"225\">\n<p align=\"center\">1 hors plafond<\/p>\n<\/td>\n<\/tr>\n<tr>\n<td width=\"225\">\n<p align=\"center\">500 000 &#8211; 1 000 0000<\/p>\n<\/td>\n<td width=\"225\">\n<p align=\"center\">2 hors plafond<\/p>\n<\/td>\n<\/tr>\n<tr>\n<td width=\"225\">\n<p align=\"center\">&gt; 1 000 000<\/p>\n<\/td>\n<td width=\"225\">\n<p align=\"center\">3 hors plafond<\/p>\n<\/td>\n<\/tr>\n<\/tbody>\n<\/table>\n<p style=\"text-align: justify;\">Les recettes sont calcul\u00e9es sur une moyenne de 3 exercices.<\/p>\n<p style=\"text-align: justify;\">Les conditions : la r\u00e9mun\u00e9ration du dirigeant est pr\u00e9vue dans les statuts et le dirigeant doit effectuer un travail effectif.<\/p>\n<p style=\"text-align: justify;\">L\u2019organisme garde le crit\u00e8re de non-lucrativit\u00e9 si toutes les autres conditions sont respect\u00e9es.<\/p>\n<p style=\"text-align: justify;\"><strong>Absence de concurrence avec le secteur commercial<\/strong><\/p>\n<p style=\"text-align: justify;\">L\u2019organisme ne doit pas entrer en concurrence avec une entreprise. S&rsquo;il y a concurrence, l\u2019organisme doit exercer ses activit\u00e9s dans des conditions non similaires \u00e0 celles des entreprises proposant les produits. Sa situation est \u00e9tudi\u00e9e en fonction de la r\u00e8gle des 4 P.<\/p>\n<p style=\"text-align: justify;\">Analyse des 4 P :<\/p>\n<ul>\n<li style=\"text-align: justify;\">Le produit doit avoir une utilit\u00e9 sociale.<\/li>\n<li><span style=\"text-align: justify;\">Le public doit \u00eatre constitu\u00e9 de personnes justifiant l\u2019octroi d\u2019avantages particuliers (ch\u00f4meurs, handicap\u00e9s, personnes socialement fragiles).<\/span><\/li>\n<li><span style=\"text-align: justify;\">La publicit\u00e9 : pas de publicit\u00e9, ni de promotion des ventes.<\/span><\/li>\n<li><span style=\"text-align: justify;\">Le prix se distingue du secteur commercial et lucratif : plus faible, modul\u00e9 en fonction des personnes.<\/span><\/li>\n<\/ul>\n<p style=\"text-align: justify;\"><strong>L\u2019organisme ne doit pas entretenir de relations privil\u00e9gi\u00e9es avec des entreprises<\/strong><\/p>\n<p style=\"text-align: justify;\">Est \u00e0 but lucratif, un organisme fournissant \u00e0 des entreprises en retirant un avantage concurrentiel ; c&rsquo;est-\u00e0-dire permettant \u00e0 des professionnels de r\u00e9aliser une \u00e9conomie de d\u00e9penses ou un surcro\u00eet de recettes. Selon la jurisprudence, les organismes dont l\u2019objet est de fournir des services \u00e0 des entreprises qui en retirent des avantages concurrentiels ont une activit\u00e9 lucrative : &#8211; associations offrant aux adh\u00e9rents professionnels des services de formation ; &#8211; associations constitu\u00e9es d\u2019entreprises afin de coordonner leurs moyens d\u2019information, d\u2019\u00e9tudes et de recherche. Elles r\u00e9alisent des \u00e9conomies de charges<\/p>\n<p style=\"text-align: justify;\">En revanche, les organismes ayant un r\u00f4le f\u00e9d\u00e9rateur ou assurant la d\u00e9fense collective de leurs membres, ne sont pas consid\u00e9r\u00e9s comme ayant une activit\u00e9 lucrative.<\/p>\n<p style=\"text-align: justify;\"><strong>D\u00e9claration 2070<\/strong><\/p>\n<p style=\"text-align: justify;\">Une association doit remplir la d\u00e9claration 2070 d\u00e8s lors qu&rsquo;elle a per\u00e7u certains revenus et que ceux-ci ne se rattachent pas \u00e0 l&rsquo;exercice d&rsquo;une activit\u00e9 lucrative.<\/p>\n<p>&nbsp;<\/p>\n<table style=\"border-collapse: collapse; border: none;\" border=\"1\" cellspacing=\"0\" cellpadding=\"0\">\n<tbody>\n<tr>\n<td style=\"width: 385.4pt; border: solid windowtext 1.0pt; padding: 0cm 5.4pt 0cm 5.4pt;\" width=\"514\">\n<p style=\"text-align: center;\" align=\"center\"><b><span style=\"font-size: 9.0pt; font-family: 'Verdana','sans-serif';\">Nature des produits<\/span><\/b><\/p>\n<\/td>\n<td style=\"width: 92.1pt; border: solid windowtext 1.0pt; border-left: none; padding: 0cm 5.4pt 0cm 5.4pt;\" width=\"123\">\n<p style=\"text-align: center;\" align=\"center\"><b><span style=\"font-size: 9.0pt; font-family: 'Verdana','sans-serif';\">Taux d\u2019IS<\/span><\/b><\/p>\n<\/td>\n<\/tr>\n<tr>\n<td style=\"width: 385.4pt; border: solid windowtext 1.0pt; border-top: none; padding: 0cm 5.4pt 0cm 5.4pt;\" width=\"514\"><span style=\"font-size: 9.0pt; font-family: 'Verdana','sans-serif';\">Int\u00e9r\u00eats<br \/>\net autres produits de cr\u00e9ances non n\u00e9gociables (comptes courants)<\/span><\/td>\n<td style=\"width: 92.1pt; border-top: none; border-left: none; border-bottom: solid windowtext 1.0pt; border-right: solid windowtext 1.0pt; padding: 0cm 5.4pt 0cm 5.4pt;\" width=\"123\">\n<p style=\"text-align: center;\" align=\"center\"><span style=\"font-size: 9.0pt; font-family: 'Verdana','sans-serif';\">24 %<\/span><\/p>\n<\/td>\n<\/tr>\n<tr>\n<td style=\"width: 385.4pt; border: solid windowtext 1.0pt; border-top: none; padding: 0cm 5.4pt 0cm 5.4pt;\" width=\"514\"><span style=\"font-size: 9.0pt; font-family: 'Verdana','sans-serif';\">Revenus<br \/>\nfonciers<\/span><\/td>\n<td style=\"width: 92.1pt; border-top: none; border-left: none; border-bottom: solid windowtext 1.0pt; border-right: solid windowtext 1.0pt; padding: 0cm 5.4pt 0cm 5.4pt;\" width=\"123\">\n<p style=\"text-align: center;\" align=\"center\"><span style=\"font-size: 9.0pt; font-family: 'Verdana','sans-serif';\">24 %<\/span><\/p>\n<\/td>\n<\/tr>\n<tr>\n<td style=\"width: 385.4pt; border: solid windowtext 1.0pt; border-top: none; padding: 0cm 5.4pt 0cm 5.4pt;\" width=\"514\"><span style=\"font-size: 9.0pt; font-family: 'Verdana','sans-serif';\">Dividendes<br \/>\nper\u00e7us de soci\u00e9t\u00e9s fran\u00e7aises ou \u00e9trang\u00e8res, de SICAV<\/span><\/td>\n<td style=\"width: 92.1pt; border-top: none; border-left: none; border-bottom: solid windowtext 1.0pt; border-right: solid windowtext 1.0pt; padding: 0cm 5.4pt 0cm 5.4pt;\" width=\"123\">\n<p style=\"text-align: center;\" align=\"center\"><span style=\"font-size: 9.0pt; font-family: 'Verdana','sans-serif';\">15 %<\/span><\/p>\n<\/td>\n<\/tr>\n<tr>\n<td style=\"width: 385.4pt; border: solid windowtext 1.0pt; border-top: none; padding: 0cm 5.4pt 0cm 5.4pt;\" width=\"514\"><span style=\"font-size: 9.0pt; font-family: 'Verdana','sans-serif';\">Produits<br \/>\ndes obligations et emprunts d\u2019\u00c9tat<\/span><\/td>\n<td style=\"width: 92.1pt; border-top: none; border-left: none; border-bottom: solid windowtext 1.0pt; border-right: solid windowtext 1.0pt; padding: 0cm 5.4pt 0cm 5.4pt;\" width=\"123\">\n<p style=\"text-align: center;\" align=\"center\"><span style=\"font-size: 9.0pt; font-family: 'Verdana','sans-serif';\">10 %<\/span><\/p>\n<\/td>\n<\/tr>\n<tr>\n<td style=\"width: 385.4pt; border: solid windowtext 1.0pt; border-top: none; padding: 0cm 5.4pt 0cm 5.4pt;\" width=\"514\"><span style=\"font-size: 9.0pt; font-family: 'Verdana','sans-serif';\">Int\u00e9r\u00eats<br \/>\nde livrets d\u2019\u00e9pargne d\u00e9fiscalis\u00e9s<\/span><\/td>\n<td style=\"width: 92.1pt; border-top: none; border-left: none; border-bottom: solid windowtext 1.0pt; border-right: solid windowtext 1.0pt; padding: 0cm 5.4pt 0cm 5.4pt;\" width=\"123\">\n<p style=\"text-align: center;\" align=\"center\"><span style=\"font-size: 9.0pt; font-family: 'Verdana','sans-serif';\">exon\u00e9r\u00e9s<\/span><\/p>\n<\/td>\n<\/tr>\n<\/tbody>\n<\/table>\n<p style=\"text-align: justify;\"><strong>Imposition des activit\u00e9s mixtes<\/strong><\/p>\n<p style=\"text-align: justify;\"><strong>Exon\u00e9ration<\/strong><\/p>\n<p style=\"text-align: justify;\"><strong>TVA<\/strong><\/p>\n<p style=\"text-align: justify;\">Sont exon\u00e9r\u00e9es de TVA, les associations rendant \u00e0 leurs membres (et non \u00e0 des tiers) des services \u00e0 caract\u00e8re sportif, culturel, \u00e9ducatif, \u00e0 condition de ne pas avoir recours \u00e0 des pratiques commerciales.<\/p>\n<p style=\"text-align: justify;\">Sont exon\u00e9r\u00e9es de TVA, les recettes de 6 manifestations annuelles de bienfaisance organis\u00e9es par des associations sportives, culturelles, \u00e9ducatives et sociales.<\/p>\n<p style=\"text-align: justify;\">Les associations agr\u00e9\u00e9es de services \u00e0 la personne sont hors champ d\u2019application de la TVA.<\/p>\n<p style=\"text-align: justify;\"><strong>IS<\/strong><\/p>\n<p style=\"text-align: justify;\">Ne sont pas redevables de l\u2019IS :<\/p>\n<ul>\n<li style=\"text-align: justify;\">Les associations rendant \u00e0 leurs membres des services \u00e0 caract\u00e8re sportif, culturel, \u00e9ducatif ou social, \u00e0 conditions que la gestion soit d\u00e9sint\u00e9ress\u00e9e.<\/li>\n<li><span style=\"text-align: justify;\">Les recettes de 6 manifestations annuelles de bienfaisance sportives, culturelles, \u00e9ducatives et sociales.<\/span><\/li>\n<li><span style=\"text-align: justify;\">Les associations qui organisent avec les communes et d\u00e9partements des foires, expositions, r\u00e9unions sportives ou publiques.<\/span><\/li>\n<\/ul>\n<p style=\"text-align: justify;\"><strong>Franchise<\/strong><\/p>\n<p style=\"text-align: justify;\">Les associations loi 1901 exer\u00e7ant des activit\u00e9s lucratives accessoires dont les recettes annuelles lucratives accessoires n\u2019exc\u00e9dant pas 80 011 \u20ac (2025), dont les activit\u00e9s non lucratives sont pr\u00e9pond\u00e9rantes et dont la gestion est d\u00e9sint\u00e9ress\u00e9e b\u00e9n\u00e9ficient d\u2019une franchise d\u2019imp\u00f4ts sur l\u2019ensemble de leurs activit\u00e9s.<\/p>\n<p style=\"text-align: justify;\">Ces associations ne sont pas redevables de la TVA, IS, et CET (Contribution Economique Territorial). Elles restent soumises \u00e0 l\u2019IS au taux r\u00e9duit sur les revenus du patrimoine. Elles restent soumises au taux normal d\u2019IS pour leurs activit\u00e9s financi\u00e8res lucratives et leur participation<\/p>\n<p style=\"text-align: justify;\"><strong>Imposition des activit\u00e9s lucratives<\/strong><\/p>\n<p style=\"text-align: justify;\">C\u2019est le cas o\u00f9 l\u2019association ne b\u00e9n\u00e9ficie pas de la franchise et dans le cas o\u00f9 les activit\u00e9s lucratives sont pr\u00e9pond\u00e9rantes.<\/p>\n<p style=\"text-align: justify;\"><strong>Sectoriser et filialiser<\/strong><\/p>\n<p style=\"text-align: justify;\">C\u2019est le cas d\u2019une association qui d\u00e9veloppe parall\u00e8lement des activit\u00e9s lucratives et non lucratives. L\u2019association qui pratique des activit\u00e9s mixtes doit les sectoriser ou les filialiser.<\/p>\n<p style=\"text-align: justify;\"><strong>Sectoriser<\/strong> : s\u00e9parer sur le plan comptable les activit\u00e9s.<\/p>\n<p style=\"text-align: justify;\"><strong>Filialiser :<\/strong> transfert d\u2019une activit\u00e9 \u00e0 une autre personne.<\/p>\n<p style=\"text-align: justify;\">Le p\u00e9rim\u00e8tre n\u2019est pas forc\u00e9ment identique pour l\u2019IS, la TVA et la CET. Seul le secteur lucratif est soumis aux imp\u00f4ts. En mati\u00e8re d\u2019IS, la sectorisation n\u2019est pas obligatoire, l\u2019association peut choisir de soumettre \u00e0 l\u2019IS l\u2019ensemble de ses activit\u00e9s.<\/p>\n<p style=\"text-align: justify;\"><strong>R\u00e9duction d\u2019imp\u00f4t<\/strong><\/p>\n<p style=\"text-align: justify;\">Pour \u00eatre \u00e9ligibles \u00e0 la r\u00e9duction d\u2019imp\u00f4t, les dons doivent \u00eatre d\u00e9sint\u00e9ress\u00e9s et ne comporter aucune contrepartie. Ils doivent \u00eatre effectu\u00e9s au profit d\u2019associations, de fondations, d\u2019\u0153uvres, de fonds de dotations ou d\u2019organismes publics ou priv\u00e9s.<\/p>\n<p style=\"text-align: justify;\">Les organismes qui peuvent recevoir des dons doivent remplir trois conditions :<\/p>\n<ul>\n<li style=\"text-align: justify;\">avoir un but non lucratif,<\/li>\n<li style=\"text-align: justify;\">avoir un objet social et une gestion d\u00e9sint\u00e9ress\u00e9e,<\/li>\n<li style=\"text-align: justify;\">ne pas fonctionner au profit d&rsquo;un cercle restreint de personnes.<\/li>\n<\/ul>\n<p style=\"text-align: justify;\">Les associations ou organismes concern\u00e9s (liste non exhaustive) :<\/p>\n<ul>\n<li style=\"text-align: justify;\">les \u0153uvres ou organismes d&rsquo;int\u00e9r\u00eat g\u00e9n\u00e9ral pr\u00e9sentant un caract\u00e8re philanthropique, \u00e9ducatif, scientifique, social, humanitaire, sportif, familial, culturel,<\/li>\n<li style=\"text-align: justify;\">les \u0153uvres ou organismes d&rsquo;int\u00e9r\u00eat g\u00e9n\u00e9ral participant \u00e0 la valorisation du patrimoine artistique, \u00e0 la d\u00e9fense de l&rsquo;environnement naturel ou \u00e0 la diffusion de la culture, de la langue et des connaissances scientifiques fran\u00e7aises,<\/li>\n<li style=\"text-align: justify;\">les associations ou fondations reconnues d&rsquo;utilit\u00e9 publique,<\/li>\n<li style=\"text-align: justify;\">les associations d&rsquo;int\u00e9r\u00eat g\u00e9n\u00e9ral exer\u00e7ant des actions concr\u00e8tes en faveur du pluralisme de la presse,<\/li>\n<li style=\"text-align: justify;\">les fondations d&rsquo;entreprises (pour les salari\u00e9s de l&rsquo;entreprise ou d&rsquo;une soci\u00e9t\u00e9 du groupe),<\/li>\n<li style=\"text-align: justify;\">les fonds de dotation, fondations universitaires ou partenariales,<\/li>\n<li style=\"text-align: justify;\">la fondation du patrimoine ou autres fondations ou associations agr\u00e9\u00e9es, en vue de la restauration de monuments historiques priv\u00e9s,<\/li>\n<li style=\"text-align: justify;\">les \u00e9tablissements agr\u00e9\u00e9s d&rsquo;enseignement sup\u00e9rieur ou artistique,<br \/>\nles organismes agr\u00e9\u00e9s ayant pour objet exclusif de participer \u00e0 la cr\u00e9ation de petites et moyennes entreprises (PME),<\/li>\n<li style=\"text-align: justify;\">les associations cultuelles,<\/li>\n<li style=\"text-align: justify;\">les organismes ayant pour activit\u00e9 principale la pr\u00e9sentation au public d&rsquo;\u0153uvres dramatiques, lyriques, musicales, chor\u00e9graphiques, cin\u00e9matographiques et de cirque<br \/>\nles organismes ayant pour activit\u00e9 principale l&rsquo;organisation d&rsquo;expositions d&rsquo;art contemporain,<\/li>\n<li style=\"text-align: justify;\">les mandataires financiers ou associations de financement \u00e9lectoral au profit d&rsquo;un parti ou groupement politique et d&rsquo;un ou plusieurs candidats,<\/li>\n<li style=\"text-align: justify;\">organismes ayant pour objet la sauvegarde de biens culturels contre les effets d&rsquo;un conflit arm\u00e9,<\/li>\n<li style=\"text-align: justify;\">Communes et organismes locaux de gestion foresti\u00e8re pour l\u2019entretien, le renouvellement, la reconstitution ou l&rsquo;acquisition de bois et for\u00eats<\/li>\n<li style=\"text-align: justify;\">Organismes d&rsquo;int\u00e9r\u00eat g\u00e9n\u00e9ral concourant \u00e0 l&rsquo;\u00e9galit\u00e9 entre les femmes et les hommes<\/li>\n<\/ul>\n<p><em>Source : service-public.fr<\/em><\/p>\n<p style=\"text-align: justify;\">Les association et organismes concern\u00e9s :<\/p>\n<ul style=\"text-align: justify;\">\n<li>les \u0153uvres ou organismes d&rsquo;int\u00e9r\u00eat g\u00e9n\u00e9ral pr\u00e9sentant un caract\u00e8re philanthropique, \u00e9ducatif, scientifique, social, humanitaire, sportif, familial, culturel, ou concourant \u00e0 l\u2019\u00e9galit\u00e9 entre les femmes et les hommes,<\/li>\n<li>les \u0153uvres ou organismes d&rsquo;int\u00e9r\u00eat g\u00e9n\u00e9ral participant \u00e0 la valorisation du patrimoine artistique, \u00e0 la d\u00e9fense de l&rsquo;environnement naturel ou \u00e0 la diffusion de la culture, de la langue et des connaissances scientifiques fran\u00e7aises qui ne fonctionnent pas au profit d\u2019un cercle restreint de personnes, n\u2019exercent pas d\u2019activit\u00e9 lucrative et ont une gestion d\u00e9sint\u00e9ress\u00e9e,<\/li>\n<li>les associations ou fondations reconnues d&rsquo;utilit\u00e9 publique,<\/li>\n<li>les fondations d&rsquo;entreprises qui r\u00e9alisent une \u0153uvre d\u2019int\u00e9r\u00eat g\u00e9n\u00e9ral \u00e0 caract\u00e8re philanthropique, \u00e9ducatif, scientifique\u2026 pour les seuls dons et versements effectu\u00e9s par les salari\u00e9s ainsi que, dans la limite de 1\u00a0500 euros, par les mandataires sociaux, soci\u00e9taires, adh\u00e9rents et actionnaires de l\u2019entreprise fondatrice ou des entreprises du groupe, les fondations universitaires ou partenariales,<\/li>\n<li>la Fondation du patrimoine ou autres fondations ou associations reconnues d\u2019utilit\u00e9 publique et agr\u00e9\u00e9es, en vue de subventionner des travaux de conservation, de restauration ou d\u2019accessibilit\u00e9 d\u2019un monument historique priv\u00e9, b\u00e2ti ou non b\u00e2ti,<\/li>\n<li>les \u00e9tablissements d\u2019enseignement sup\u00e9rieur ou artistique publics ou priv\u00e9s, d\u2019int\u00e9r\u00eat g\u00e9n\u00e9ral, \u00e0 but non lucratif et \u00e9tablissements d\u2019enseignement sup\u00e9rieur consulaire pour leurs activit\u00e9s de formation professionnelle initiale et continue ainsi que de recherche,<\/li>\n<li>les organismes agr\u00e9\u00e9s ayant pour objet exclusif de participer \u00e0 la cr\u00e9ation, \u00e0 la reprise ou au d\u00e9veloppement d\u2019entreprises,<\/li>\n<li>les organismes publics ou priv\u00e9s dont la gestion est d\u00e9sint\u00e9ress\u00e9e, et ayant pour activit\u00e9 principale la pr\u00e9sentation au public d&rsquo;\u0153uvres dramatiques, lyriques, musicales, chor\u00e9graphiques, cin\u00e9matographiques, audiovisuelles et de cirque ou l\u2019organisation d&rsquo;expositions d&rsquo;art contemporain,<\/li>\n<li>les associations d&rsquo;int\u00e9r\u00eat g\u00e9n\u00e9ral exer\u00e7ant des actions concr\u00e8tes en faveur du pluralisme de la presse, par la prise de participations minoritaires, l&rsquo;octroi de subventions ou de pr\u00eats bonifi\u00e9s \u00e0 des entreprises de presse,<\/li>\n<li>les communes, syndicats intercommunaux de gestion foresti\u00e8re, syndicats mixtes de gestion foresti\u00e8re et groupements syndicaux forestiers pour la r\u00e9alisation, dans le cadre d\u2019une activit\u00e9 d\u2019int\u00e9r\u00eat g\u00e9n\u00e9ral concourant \u00e0 la d\u00e9fense de l\u2019environnement naturel, d\u2019op\u00e9rations d\u2019entretien, de renouvellement ou de reconstitution de bois et for\u00eats pr\u00e9sentant des garanties de gestion durable, au sens de l\u2019article L. 124-1 du code forestier, ou pour l\u2019acquisition de bois et for\u00eats destin\u00e9s \u00e0 \u00eatre int\u00e9gr\u00e9s dans le p\u00e9rim\u00e8tre du document d\u2019am\u00e9nagement mentionn\u00e9 \u00e0 l\u2019article L. 212-1 du m\u00eame code,<\/li>\n<li>les fonds de dotation qui exercent une activit\u00e9 de m\u00eame nature que celle des \u0153uvres ou organismes d\u2019int\u00e9r\u00eat g\u00e9n\u00e9ral, ou fonds de dotation dont la gestion est d\u00e9sint\u00e9ress\u00e9e et qui reversent les revenus tir\u00e9s de la capitalisation des dons re\u00e7us \u00e0 l\u2019un des organismes susvis\u00e9s,<\/li>\n<li>les mandataires financiers ou associations de financement \u00e9lectoral au profit d&rsquo;un parti ou groupement politique et d&rsquo;un ou plusieurs candidats.<\/li>\n<\/ul>\n<p style=\"text-align: justify;\"><strong>Les dons doivent \u00eatre d\u00e9sint\u00e9ress\u00e9s et ne comporter aucune contrepartie<\/strong>.<\/p>\n<p>Sont retenus les types de dons suivants :<\/p>\n<ul>\n<li style=\"text-align: justify;\">les\u00a0dons et cotisations\u00a0vers\u00e9s \u00e0 une ou plusieurs associations,<\/li>\n<li style=\"text-align: justify;\">les\u00a0revenus auxquels les particuliers d\u00e9cident de renoncer au profit des associations\u00a0(par exemple, en cas de mise \u00e0 disposition d&rsquo;une association d&rsquo;un local \u00e0 titre gratuit),<\/li>\n<li style=\"text-align: justify;\">les\u00a0frais personnellement engag\u00e9s par les b\u00e9n\u00e9voles dans le cadre de leur activit\u00e9 associative\u00a0et pour lesquels ils renoncent au remboursement.<\/li>\n<\/ul>\n<p style=\"text-align: justify;\"><strong>Dons \u00e0 des organismes d&rsquo;int\u00e9r\u00eat g\u00e9n\u00e9ral ou reconnu d&rsquo;utilit\u00e9 publique :<\/strong> les dons ouvrent droit \u00e0 une r\u00e9duction d&rsquo;imp\u00f4t sur le revenu \u00e9gale \u00e0 66 % du montant vers\u00e9 dans la limite de 20 % du revenu imposable. Un don de 50 \u20ac ouvre par exemple droit \u00e0 une r\u00e9duction d&rsquo;imp\u00f4t de 33 \u20ac, un don de 100 \u20ac \u00e0 une r\u00e9duction de 66 \u20ac.<\/p>\n<p style=\"text-align: justify;\"><strong>Dons \u00e0 des organismes d&rsquo;aide aux personnes en difficult\u00e9 ou aux victimes de violences domestiques :<\/strong> la r\u00e9duction d&rsquo;imp\u00f4t est de 75 % pour un don d&rsquo;un montant inf\u00e9rieur ou \u00e9gal \u00e0 1000 \u20ac. La fraction au-del\u00e0 de 1000 \u20ac ouvre droit \u00e0 une r\u00e9duction d&rsquo;imp\u00f4t de 66 % du montant donn\u00e9. Cette r\u00e9duction d&rsquo;imp\u00f4t ne peut \u00eatre sup\u00e9rieure \u00e0 20 %\u00a0du revenu imposable.<\/p>\n<p style=\"text-align: justify;\">Dans le cadre de la retenue \u00e0 la source de l&rsquo;imp\u00f4t sur le revenu, le versement d&rsquo;un acompte de la r\u00e9duction d&rsquo;imp\u00f4t est effectu\u00e9 mi-janvier.<\/p>\n<p style=\"text-align: justify;\">Les entreprises soumises \u00e0 l\u2019IR ou l\u2019IS b\u00e9n\u00e9ficient d\u2019une r\u00e9duction d\u2019imp\u00f4t de 60 % dans la limite d\u2019une enveloppe globale de 5 \u2030 du CA.<\/p>\n<p style=\"text-align: justify;\">\n","protected":false},"excerpt":{"rendered":"<p>Les associations et les organismes sans but lucratif ne sont pas soumis aux imp\u00f4ts (TVA, CET, IR, IS) \u00e0 condition que pour l\u2019essentiel, leurs activit\u00e9s restent non lucratives. S\u2019ils ne respectent pas les r\u00e8gles de non-lucrativit\u00e9, ils deviennent imposables sur &hellip; <a href=\"https:\/\/web-france.eu\/index.php\/2025\/11\/18\/fiscalite-des-associations\/\">Continuer la lecture <span class=\"meta-nav\">&rarr;<\/span><\/a><\/p>\n","protected":false},"author":1,"featured_media":0,"comment_status":"closed","ping_status":"closed","sticky":false,"template":"","format":"standard","meta":{"footnotes":""},"categories":[1],"tags":[],"_links":{"self":[{"href":"https:\/\/web-france.eu\/index.php\/wp-json\/wp\/v2\/posts\/835"}],"collection":[{"href":"https:\/\/web-france.eu\/index.php\/wp-json\/wp\/v2\/posts"}],"about":[{"href":"https:\/\/web-france.eu\/index.php\/wp-json\/wp\/v2\/types\/post"}],"author":[{"embeddable":true,"href":"https:\/\/web-france.eu\/index.php\/wp-json\/wp\/v2\/users\/1"}],"replies":[{"embeddable":true,"href":"https:\/\/web-france.eu\/index.php\/wp-json\/wp\/v2\/comments?post=835"}],"version-history":[{"count":16,"href":"https:\/\/web-france.eu\/index.php\/wp-json\/wp\/v2\/posts\/835\/revisions"}],"predecessor-version":[{"id":965,"href":"https:\/\/web-france.eu\/index.php\/wp-json\/wp\/v2\/posts\/835\/revisions\/965"}],"wp:attachment":[{"href":"https:\/\/web-france.eu\/index.php\/wp-json\/wp\/v2\/media?parent=835"}],"wp:term":[{"taxonomy":"category","embeddable":true,"href":"https:\/\/web-france.eu\/index.php\/wp-json\/wp\/v2\/categories?post=835"},{"taxonomy":"post_tag","embeddable":true,"href":"https:\/\/web-france.eu\/index.php\/wp-json\/wp\/v2\/tags?post=835"}],"curies":[{"name":"wp","href":"https:\/\/api.w.org\/{rel}","templated":true}]}}