{"id":8,"date":"2024-07-19T10:40:27","date_gmt":"2024-07-19T08:40:27","guid":{"rendered":"http:\/\/master-gestion.net\/wp\/?p=8"},"modified":"2024-09-05T12:18:46","modified_gmt":"2024-09-05T10:18:46","slug":"charges-deductibles","status":"publish","type":"post","link":"https:\/\/web-france.eu\/index.php\/2024\/07\/19\/charges-deductibles\/","title":{"rendered":"Charges d\u00e9ductibles"},"content":{"rendered":"<p>&nbsp;<\/p>\n<div class=\"entry-content\">\n<p style=\"text-align: justify;\"><strong>I\u00b0)\u00a0Conditions de d\u00e9ductiblit\u00e9 <\/strong><\/p>\n<p style=\"text-align: justify;\"><strong>A\u00b0) Conditions de fond<\/strong><\/p>\n<p style=\"text-align: justify;\">Une charge n\u2019est d\u00e9ductible du r\u00e9sultat fiscal que dans la mesure o\u00f9 elle est engag\u00e9e dans l\u2019int\u00e9r\u00eat de l\u2019entreprise ou quand elle est n\u00e9cessaire \u00e0 l\u2019exploitation.<\/p>\n<p style=\"text-align: justify;\">Ne sont pas d\u00e9ductibles les charges suivantes :<\/p>\n<ul style=\"text-align: justify;\">\n<li>d\u00e9penses personnelles ou besoins priv\u00e9s de l\u2019exploitant, des dirigeants ou l\u2019un des membres de leur famille ;<\/li>\n<li>actes anormaux de gestion\u00a0;<\/li>\n<li>cadeaux et r\u00e9mun\u00e9ration excessifs et injustifi\u00e9s\u00a0;<\/li>\n<li>d\u00e9penses et charges somptuaires (d\u00e9penses de chasse, p\u00eache, yachts, de bateaux de plaisance, de r\u00e9sidences secondaires, fraction des annuit\u00e9s de v\u00e9hicules de tourisme) ;<\/li>\n<li>publicit\u00e9 prohib\u00e9e (r\u00e9glementation sur les alcools) ;<\/li>\n<li>sanctions p\u00e9nales (amendes, p\u00e9nalit\u00e9s, contraventions \u2026).<\/li>\n<\/ul>\n<p style=\"text-align: justify;\"><strong>B\u00b0) Conditions de forme<\/strong><\/p>\n<p style=\"text-align: justify;\">Pour \u00eatre d\u00e9ductibles les charges doivent \u00eatre enregistr\u00e9es en comptabilit\u00e9, \u00eatre justifi\u00e9es (factures); certains frais g\u00e9n\u00e9raux doivent \u00eatre d\u00e9clar\u00e9s sur un imprim\u00e9 sp\u00e9cial (cadeaux, frais de r\u00e9ception, honoraires, commissions \u2026).<\/p>\n<p style=\"text-align: justify;\"><strong>II\u00b0)\u00a0Charges de personnel<\/strong><\/p>\n<p style=\"text-align: justify;\"><strong>A\u00b0) R\u00e8gle g\u00e9n\u00e9rale<\/strong><\/p>\n<p style=\"text-align: justify;\">Les charges de personnel (salaires, appointements, primes, indemnit\u00e9s, avantages en nature), ainsi que les charges sociales sont d\u00e9ductibles dans la mesure o\u00f9 elles correspondent \u00e0 un travail effectif et dans la mesure o\u00f9 elles ne sont pas excessives ni exag\u00e9r\u00e9es. En principe, les d\u00e9penses \u00e0 caract\u00e8re social sont d\u00e9ductibles (\u0153uvres sociales, comit\u00e9 d\u2019hygi\u00e8ne, comit\u00e9 d\u2019entreprise).<\/p>\n<p style=\"text-align: justify;\"><strong>B\u00b0) L\u2019exploitant individuel<\/strong><\/p>\n<p style=\"text-align: justify;\">La r\u00e9mun\u00e9ration de l\u2019exploitation n\u2019est pas d\u00e9ductible. Les cotisations sociales obligatoires sont d\u00e9ductibles\u00a0:\u00a0r\u00e9gime d\u2019assurance maladie, maternit\u00e9, d\u2019allocations familiales, allocation-vieillesse.<\/p>\n<p style=\"text-align: justify;\"><strong>C\u00b0) Le conjoint de l\u2019exploitant individuel<\/strong><\/p>\n<p style=\"text-align: justify;\">Le salaire du conjoint est enti\u00e8rement d\u00e9ductible si les conditions g\u00e9n\u00e9rales sont respect\u00e9es.<\/p>\n<p style=\"text-align: justify;\"><strong>D\u00b0)\u00a0R\u00e9gime du remboursement des frais r\u00e9els et des allocations forfaitaires pour frais<\/strong><\/p>\n<p style=\"text-align: justify;\">Restaurant, p\u00e9age, h\u00f4tel, d\u00e9placement etc.<\/p>\n<table width=\"668\">\n<tbody>\n<tr>\n<td style=\"text-align: center;\" width=\"214\"><strong>Sommes vers\u00e9es<\/strong><\/td>\n<td style=\"text-align: center;\" width=\"214\"><strong>Dirigeants salari\u00e9s<\/strong><\/td>\n<td style=\"text-align: center;\" width=\"214\"><strong>Dirigeants non salari\u00e9s et cadres non dirigeants<\/strong><\/td>\n<\/tr>\n<tr>\n<td style=\"text-align: center;\" width=\"214\">Remboursement des frais r\u00e9els<\/td>\n<td style=\"text-align: center;\" width=\"214\">d\u00e9ductibles<\/td>\n<td style=\"text-align: center;\" width=\"214\">d\u00e9ductibles<\/td>\n<\/tr>\n<tr>\n<td style=\"text-align: center;\" width=\"214\">Allocations forfaitaires pour frais<\/td>\n<td style=\"text-align: center;\" width=\"214\">d\u00e9ductibles<\/td>\n<td style=\"text-align: center;\" width=\"214\">d\u00e9ductibles<\/td>\n<\/tr>\n<tr>\n<td style=\"text-align: center;\" width=\"214\">Cas de cumul<\/td>\n<td style=\"text-align: center;\" width=\"214\">les deux sont d\u00e9ductibles<\/p>\n<p>(r\u00e8gle du cumul)<\/td>\n<td width=\"214\">\n<p style=\"text-align: center;\">les frais r\u00e9els sont d\u00e9ductibles<\/p>\n<p style=\"text-align: center;\">les allocations forfaitaires ne sont pas d\u00e9ductibles<\/p>\n<p style=\"text-align: center;\">(non-cumul)<\/p>\n<\/td>\n<\/tr>\n<\/tbody>\n<\/table>\n<p style=\"text-align: justify;\">Les frais r\u00e9els sont justifi\u00e9s par des notes de frais ou des factures. Les allocations forfaitaires sont consid\u00e9r\u00e9es comme un compl\u00e9ment de r\u00e9mun\u00e9ration.<\/p>\n<p style=\"text-align: justify;\"><strong>III\u00b0) Les jetons de pr\u00e9sence <\/strong>(la loi PACTE du 22 mai 2019 a remplac\u00e9 ce terme par celui de \u00ab r\u00e9mun\u00e9ration \u00bb)<strong><br \/>\n<\/strong><\/p>\n<p style=\"text-align: justify;\">Dans les soci\u00e9t\u00e9s anonymes, les administrateurs et les membres du conseil de surveillance per\u00e7oivent une r\u00e9mun\u00e9rations.<\/p>\n<p style=\"text-align: justify;\">La fraction d\u00e9ductible de cette r\u00e9mun\u00e9ration est \u00e9gale \u00e0 la moyenne des r\u00e9mun\u00e9rations brutes \u00e0 caract\u00e8re de salaires des 10 ou 5 personnes les mieux r\u00e9mun\u00e9r\u00e9es (seuil de 200 salari\u00e9s) X le nombre d\u2019administrateurs (au prorata du temps de nomination) X 5 %. Pour les soci\u00e9t\u00e9s employant moins de 5 salari\u00e9s 457 \u20ac X le nombre d\u2019administrateurs.<\/p>\n<p style=\"text-align: justify;\"><strong>IV\u00b0)\u00a0Comptes courants d&rsquo;associ\u00e9s<br \/>\n<\/strong><\/p>\n<p><strong>Le capital<\/strong> doit \u00eatre enti\u00e8rement lib\u00e9r\u00e9.<\/p>\n<p style=\"text-align: justify;\"><strong>Le taux de d\u00e9ductibilit\u00e9<\/strong> des int\u00e9r\u00eats est plafonn\u00e9 et doit correspondre \u00e0 la moyenne annuelle des taux effectifs moyens pratiqu\u00e9s par les \u00e9tablissements de cr\u00e9dit pour les pr\u00eats \u00e0 taux variables aux entreprises d&rsquo;une dur\u00e9e initiale sup\u00e9rieure \u00e0 2 ans (TMP).<\/p>\n<p>Des r\u00e8gles sp\u00e9cifiques s&rsquo;appliquent aux int\u00e9r\u00eats vers\u00e9s entre soci\u00e9t\u00e9s li\u00e9es.<\/p>\n<p style=\"text-align: justify;\"><strong>V\u00b0)\u00a0Les frais fiscaux<\/strong><\/p>\n<p style=\"text-align: justify;\"><strong>\u00a0A\u00b0) R\u00e8gle g\u00e9n\u00e9rale<\/strong><\/p>\n<p style=\"text-align: justify;\">Sont d\u00e9ductibles:<\/p>\n<ul style=\"text-align: justify;\">\n<li>la contribution \u00e9conomique territoriale ;<\/li>\n<li>les taxes fonci\u00e8res (l\u2019immeuble figure \u00e0 l\u2019actif de l\u2019entreprise) ;<\/li>\n<li>les taxes assises sur les salaires (versement au Tr\u00e9sor public).<\/li>\n<\/ul>\n<p style=\"text-align: justify;\">Ne sont pas d\u00e9ductibles:<\/p>\n<ul style=\"text-align: justify;\">\n<li>taxe d\u2019habitation ;<\/li>\n<li>imp\u00f4t sur le revenu, imp\u00f4t sur les soci\u00e9t\u00e9s et les contributions suppl\u00e9mentaires ;<\/li>\n<li>imp\u00f4t sur la fortune immobili\u00e8re (IFI).<\/li>\n<\/ul>\n<p style=\"text-align: justify;\"><strong>\u00a0B\u00b0) Taxes sur l&rsquo;affectation des v\u00e9hicules \u00e0 des fins \u00e9conomiques<\/strong><\/p>\n<p style=\"text-align: justify;\">La taxe sur les v\u00e9hicules de soci\u00e9t\u00e9 (TVS) est remplac\u00e9e par 2 taxes : la taxe annuelle sur les \u00e9missions de CO<sub>2<\/sub> et la taxe annuelle sur les \u00e9missions de polluants atmosph\u00e9riques. Toute entreprise doit payer ces taxes sur les v\u00e9hicules de tourisme affect\u00e9s \u00e0 des fins \u00e9conomiques. Elles concernent le transport de personnes. Le calcul et le paiement se font annuellement.<\/p>\n<\/div>\n<p><strong>Entreprises concern\u00e9es :<\/strong> toute soci\u00e9t\u00e9 et toute\u00a0<span class=\"tool-tip\" tabindex=\"0\" data-toggle=\"tooltip\" data-definition=\"R62421\" data-original-title=\"Entit\u00e9 juridique de l'entreprise en tant que personne physique s'opposant \u00e0 la forme de la soci\u00e9t\u00e9 en tant que personne morale (SA, SAS, SARL, SNC, etc.), regroupant les entrepreneurs individuels (EI), les EIRL et les micro-entrepreneurs.\">entreprise individuelle<\/span>.<\/p>\n<p style=\"text-align: justify;\" data-test=\"contenu-texte\"><strong>Les 2 taxes concernent les v\u00e9hicules suivants\u00a0:<\/strong><\/p>\n<ul class=\"sp-item-list\">\n<li style=\"text-align: justify;\">Immatricul\u00e9s dans la\u00a0cat\u00e9gorie M1, c&rsquo;est-\u00e0-dire les\u00a0<span class=\"expression\"><em>voitures particuli\u00e8res<\/em><\/span>\u00a0(avec la mention\u00a0<span class=\"expression\"><em>VP<\/em><\/span>\u00a0inscrite sur la carte grise, d\u00e9sormais appel\u00e9e\u00a0<span class=\"expression\"><em>certificat d&rsquo;immatriculation<\/em><\/span>) Ils ont pour but de transporter des personnes et ne poss\u00e8dent pas plus de 8 places assises.<\/li>\n<li style=\"text-align: justify;\">Immatricul\u00e9s dans la\u00a0cat\u00e9gorie N1 , c&rsquo;est-\u00e0-dire les v\u00e9hicules de moins de 3,5 tonnes qui peuvent transporter \u00e0 la fois de petites marchandises et des personnes. 2 types de v\u00e9hicules sont concern\u00e9s\u00a0:\n<ul class=\"sp-item-list\">\n<li style=\"text-align: justify;\">Camionnette. Le v\u00e9hicule doit disposer d&rsquo;au moins 2 rangs de places assises. La carte grise porte la mention\u00a0<span class=\"expression\"><em>camionnette<\/em><\/span>\u00a0ou le code\u00a0<span class=\"expression\"><em>BB<\/em><\/span>\u00a0en case J2.<\/li>\n<li style=\"text-align: justify;\">Camion\u00a0pick-up\u00a0avec 5 places assises minimum. Le code de description de carrosserie selon la classification europ\u00e9enne est BE, inscrit en case J2 du certificat d&rsquo;immatriculation (carte grise).<\/li>\n<\/ul>\n<\/li>\n<\/ul>\n<p><strong>V\u00e9hicules exon\u00e9r\u00e9s :<\/strong><\/p>\n<ul>\n<li>destin\u00e9s \u00e0 la vente,<\/li>\n<li>Location, dans le cadre d&rsquo;une entreprise de location de v\u00e9hicules,<\/li>\n<li>Transport de personnes en fauteuil roulant pour les v\u00e9hicules accessibles aux fauteuils roulants,<\/li>\n<li>Transport \u00e0 la disposition du public : taxis et VTC,<\/li>\n<li>Enseignement de la conduite automobile (auto-\u00e9cole) et de conduite de pilotage sportif,<\/li>\n<li>Comp\u00e9titions sportives,<\/li>\n<li>Utilis\u00e9s par les centre de contr\u00f4les techniques,<\/li>\n<li>Utilis\u00e9s par les associations \u00e0 but non lucratif,<\/li>\n<li>Con\u00e7us pour un usage exclusivement commercial (exemple une camionnette food-truck) ou industriel<\/li>\n<\/ul>\n<p style=\"text-align: justify;\" data-test=\"contenu-texte\">Ces 2 taxes suivantes doivent \u00eatre pay\u00e9es pour chaque v\u00e9hicule :<\/p>\n<ul class=\"sp-item-list\">\n<li style=\"text-align: justify;\"><strong>Taxe annuelle sur les \u00e9missions de CO\u2082<\/strong>\u00a0: elle est d\u00e9termin\u00e9e en fonction du taux d&rsquo;\u00e9mission de CO\u2082, de la date de mise en circulation et dans certains cas selon la puissance fiscale.<\/li>\n<li style=\"text-align: justify;\"><strong>Taxe annuelle sur les \u00e9missions de polluants atmosph\u00e9riques du v\u00e9hicule<\/strong>\u00a0\u00a0: elle est d\u00e9termin\u00e9e en fonction du type de carburant et de la date de mise en circulation. Elle remplace la taxe annuelle sur l&rsquo;anciennet\u00e9 qui avait \u00e9t\u00e9 cr\u00e9\u00e9e en 2023.<\/li>\n<\/ul>\n<p style=\"text-align: justify;\"><strong>Ces 2 taxes ne sont pas d\u00e9ductibles fiscalement.<\/strong> L\u2019article 100, II de la loi\u00a0de finances pour 2024 a compl\u00e9t\u00e9 l\u2019article 39, 1-4\u00b0 du CGI\u00a0afin de rendre non-d\u00e9ductibles du r\u00e9sultat imposable les taxes sur l\u2019affectation des v\u00e9hicules de tourisme \u00e0 des fins \u00e9conomiques pr\u00e9vues \u00e0 l\u2019<a class=\"els-url\" href=\"https:\/\/www.legifrance.gouv.fr\/codes\/article_lc\/LEGIARTI000048844376?init=true&amp;page=1&amp;query=L421-94&amp;searchField=ALL&amp;tab_selection=all\" target=\"_blank\" rel=\"noopener\">a<\/a>rticle L 421-94, 1\u00b0 du CIBS, que ces taxes soient dues par des\u00a0entreprises relevant de l\u2019imp\u00f4t sur le revenu\u00a0ou des entreprises passibles de l\u2019imp\u00f4t sur les soci\u00e9t\u00e9s.<\/p>\n<p style=\"text-align: justify;\" data-test=\"contenu-texte\">La p\u00e9riode d&rsquo;imposition s&rsquo;\u00e9tend du 1<sup>er<\/sup> janvier au 31 d\u00e9cembre de chaque ann\u00e9e.\u00a0Le calcul de la taxe s&rsquo;effectue en fonction du\u00a0<strong>nombre de jours<\/strong> d&rsquo;utilisation du v\u00e9hicule dans l&rsquo;ann\u00e9e<span style=\"text-align: justify;\">. La t\u00e9l\u00e9d\u00e9claration se fait dans le 3 mais si la cl\u00f4ture de l&rsquo;exercice est le 31 d\u00e9cembre ou dans les autres cas dans les 3 mois apr\u00e8s la cl\u00f4ture de l&rsquo;exercice. la d\u00e9claration et le paiement se font exclusivement par voie \u00e9lectronique\u00a0sur le site des imp\u00f4ts.<\/span><\/p>\n<div class=\"entry-content\">\n<p style=\"text-align: justify;\"><strong>VI\u00b0) Amendes et p\u00e9nalit\u00e9s<br \/>\n<\/strong><\/p>\n<ul style=\"text-align: justify;\">\n<li>les amendes p\u00e9nales ne sont pas d\u00e9ductibles (exc\u00e8s de vitesse, stationnement) ;<\/li>\n<li>\u00a0les p\u00e9nalit\u00e9s d\u2019assiette (l\u2019entreprise n\u2019a pas d\u00e9pos\u00e9 \u00e0 temps la d\u00e9claration ou elle a fait une erreur dans la d\u00e9claration) ne sont pas d\u00e9ductibles ;<\/li>\n<li>les p\u00e9nalit\u00e9s de recouvrement (paiement avec avec retard) ne sont pas d\u00e9ductibles .<\/li>\n<\/ul>\n<p style=\"text-align: justify;\"><strong>VII\u00b0)\u00a0Loyers et redevances de cr\u00e9dit-bail<\/strong><\/p>\n<p style=\"text-align: justify;\">Les loyers et les redevances de cr\u00e9dit-bail vers\u00e9s sont d\u00e9ductibles du r\u00e9sultat. Le d\u00e9p\u00f4t de garantie (un mois de loyer) ne constitue pas une charge, mais une immobilisation financi\u00e8re (n\u2019est pas d\u00e9duit). Location et cr\u00e9dit-bail de v\u00e9hicules de tourisme: l\u2019amortissement par le bailleur compris dans le loyer doit \u00eatre r\u00e9int\u00e9gr\u00e9 pour la partie exc\u00e9dant 30 000 \u20ac, 20 300 \u20ac, 18 300 \u20ac ou 9 900 \u20ac, pour les locations sup\u00e9rieures \u00e0 trois mois. Les locations inf\u00e9rieures \u00e0 trois mois sont enti\u00e8rement d\u00e9ductibles.<\/p>\n<p style=\"text-align: justify;\"><strong>VIII\u00b0)\u00a0Les primes d&rsquo;assurance<\/strong><\/p>\n<p style=\"text-align: justify;\"><strong>A\u00b0)\u00a0R\u00e9gime g\u00e9n\u00e9ral<\/strong><\/p>\n<p style=\"text-align: justify;\">Les primes vers\u00e9es couvrant des risques d\u2019incendie, d\u00e9g\u00e2ts des eaux, vols, bris de glace, risque d\u2019irr\u00e9couvrabilit\u00e9 des cr\u00e9ances (d\u00e9pr\u00e9ciation des cr\u00e9ances non d\u00e9ductibles), responsabilit\u00e9 civile constituent des charges d\u00e9ductibles (dans un souci de bonne gestion de l\u2019entreprise). La provision de propre assureur n\u2019est pas d\u00e9ductible<\/p>\n<p style=\"text-align: justify;\"><strong>\u00a0B\u00b0)\u00a0Assurance-d\u00e9c\u00e8s<\/strong><\/p>\n<p style=\"text-align: justify;\"><strong>1\u00b0) Garantie contre le d\u00e9c\u00e8s de l\u2019un de ses dirigeants <em>(contrats autres que \u00abhommes-cl\u00e9s\u00bb)<\/em><\/strong><\/p>\n<p style=\"text-align: justify;\"><strong>Cas de l\u2019assurance volontaire<\/strong><\/p>\n<p style=\"text-align: justify;\">Les primes vers\u00e9es ne sont pas d\u00e9ductibles. Si la personne d\u00e9c\u00e8de, le capital re\u00e7u est imposable, et les primes ant\u00e9rieurement vers\u00e9es deviennent d\u00e9ductibles. \u00c0 la fin du contrat, les primes deviennent d\u00e9ductibles.<\/p>\n<p style=\"text-align: justify;\"><strong>Cas de l\u2019assurance obligatoire<\/strong> (demand\u00e9e par le banquier en cas d\u2019emprunt)<\/p>\n<p style=\"text-align: justify;\">Les primes vers\u00e9es sont d\u00e9ductibles, le capital re\u00e7u en cas de d\u00e9c\u00e8s est imposable (possibilit\u00e9 d\u2019\u00e9talement sur cinq ans).<\/p>\n<p style=\"text-align: justify;\"><strong>2\u00b0) Garantie contre le d\u00e9c\u00e8s d\u2019un homme-cl\u00e9s<\/strong><\/p>\n<p style=\"text-align: justify;\">Assurance homme-cl\u00e9s\u00a0: il s\u2019agit de contrats permettant de garantir l\u2019entreprise contre la disparition d\u2019une personne jouant un r\u00f4le d\u00e9terminant dans le fonctionnement de l\u2019entreprise (homme-cl\u00e9s de l\u2019entreprise). Le contrat garantit les pertes d\u2019exploitation li\u00e9es au d\u00e9c\u00e8s de l\u2019homme-cl\u00e9. Les primes vers\u00e9es sont d\u00e9ductibles. (Dirigeants ou collaborateur).<\/p>\n<p style=\"text-align: justify;\"><strong>3\u00b0) Primes d\u2019assurance-d\u00e9c\u00e8s vers\u00e9es au profit de membre du personnel ou de la famille de l\u2019un des dirigeants<\/strong><\/p>\n<p style=\"text-align: justify;\">Ces primes sont d\u00e9ductibles (limite d\u2019une r\u00e9mun\u00e9ration consid\u00e9r\u00e9e comme normale) et sont consid\u00e9r\u00e9es comme des suppl\u00e9ments de salaires.<\/p>\n<p style=\"text-align: justify;\"><strong>\u00a0IX\u00b0)\u00a0Les cadeaux, dons et m\u00e9c\u00e9nat<br \/>\n<\/strong><\/p>\n<p style=\"text-align: justify;\"><strong>\u00a0A\u00b0) Les cadeaux d\u2019entreprise<\/strong><\/p>\n<p style=\"text-align: justify;\">Les cadeaux offerts aux salari\u00e9s, aux d\u00e9parts en retraite, aux clients sont d\u00e9ductibles du r\u00e9sultat de l\u2019entreprise. Leur montant ne doit pas \u00eatre exag\u00e9r\u00e9, le fisc suit sp\u00e9cialement les cadeaux d\u2019entreprise. Si le montant de l&rsquo;ensemble des cadeaux exc\u00e8de 3 000 \u20ac, les cadeaux doivent \u00eatre d\u00e9clar\u00e9s sur le relev\u00e9 des frais g\u00e9n\u00e9raux.<\/p>\n<\/div>\n<div class=\"entry-content\">\n<p style=\"text-align: justify;\"><strong>Rappel TVA\u00a0<\/strong>: la TVA sur les cadeaux n\u2019est pas d\u00e9ductible (sauf les petits objets d\u2019une valeur unitaire inf\u00e9rieure \u00e0 73 \u20ac TTC par an et par b\u00e9n\u00e9ficiaire).<\/p>\n<p style=\"text-align: justify;\">Ont \u00e9t\u00e9 jug\u00e9s illicites (charges non d\u00e9ductibles) par le Conseil d\u2019\u00c9tat des cadeaux de valeur (montres en or, mobilier, appareils \u00e9lectrom\u00e9nagers, manteaux de fourrure) offerts aux clients ou aux fournisseurs.<\/p>\n<p style=\"text-align: justify;\"><strong>B\u00b0) M\u00e9c\u00e9nat d&rsquo;entreprise<\/strong><\/p>\n<p style=\"text-align: justify;\">1\u00b0)\u00a0Dons et subventions vers\u00e9s dans l\u2019int\u00e9r\u00eat direct du personnel sont d\u00e9ductibles sans limitation.<\/p>\n<p style=\"text-align: justify;\">2\u00b0) Ouvrent droit \u00e0 une r\u00e9duction d\u2019imp\u00f4t \u00e9gale \u00e0 60 % de leur montant (pour la fraction des versements sup\u00e9rieure \u00e0 2 M\u20ac, le taux de la r\u00e9duction d&rsquo;imp\u00f4t est de 40 %), les versements effectu\u00e9s par les entreprises assujetties \u00e0 l\u2019imp\u00f4t sur le revenu ou \u00e0 l\u2019imp\u00f4t sur les soci\u00e9t\u00e9s au profit :<\/p>\n<ul style=\"text-align: justify;\">\n<li>des \u0153uvres et organismes d\u2019int\u00e9r\u00eat g\u00e9n\u00e9ral \u00e0 caract\u00e8re philanthropique, \u00e9ducatif, scientifique, social, humanitaire, sportif, familial, culturel ou concourant \u00e0 la mise en valeur du patrimoine artistique, \u00e0 la d\u00e9fense de l\u2019environnement naturel ou \u00e0 la diffusion de la culture, de la langue et des connaissances scientifiques fran\u00e7aises ;<\/li>\n<li>des fondations d\u2019entreprises ;<\/li>\n<li>des fondations ou associations reconnues d\u2019utilit\u00e9 publique ou des mus\u00e9es de France ;<\/li>\n<li>des associations cultuelles ou de bienfaisance, ainsi que des \u00e9tablissements publics des cultes reconnus d\u2019Alsace-Moselle et des associations r\u00e9gies par la loi locale maintenue en vigueur dans ces d\u00e9partements, lorsque leur mission est reconnue d\u2019utilit\u00e9 publique\u00a0;<\/li>\n<li>des \u00e9tablissements d\u2019enseignement sup\u00e9rieur ou d\u2019enseignement artistique publics, ou priv\u00e9s, d\u2019int\u00e9r\u00eat g\u00e9n\u00e9ral, \u00e0 but non lucratif ;<\/li>\n<li>des soci\u00e9t\u00e9s ou organismes de recherche agr\u00e9\u00e9s ;<\/li>\n<li>des organismes agr\u00e9\u00e9s ayant pour objet exclusif le financement de PME par des aides \u00e0 l\u2019investissement ;<\/li>\n<li>des organismes publics ou priv\u00e9s dont la gestion est d\u00e9sint\u00e9ress\u00e9e ayant pour objet la pr\u00e9sentation au public d\u2019\u0153uvres dramatiques, lyriques, musicales, chor\u00e9graphiques, cin\u00e9matographiques et de cirque, ou l\u2019organisation d\u2019expositions d\u2019art contemporain ;<\/li>\n<li>de la Fondation du patrimoine, d\u2019une association ou fondation soit abrit\u00e9e par celle-ci, soit reconnue d\u2019utilit\u00e9 publique et agr\u00e9\u00e9e par le ministre du budget, en vue de financer la restauration de monuments historiques priv\u00e9s class\u00e9s \u00e0 l\u2019Inventaire suppl\u00e9mentaire ou ayant re\u00e7u le label de la Fondation du patrimoine ;<\/li>\n<li>des fondations universitaires, des fondations partenariales et des projets de th\u00e8ses propos\u00e9s au m\u00e9c\u00e9nat de doctorat par les \u00e9coles doctorales ;<\/li>\n<li>des fonds de dotation dont la gestion est d\u00e9sint\u00e9ress\u00e9e et qui soit constituent eux-m\u00eames un organisme d\u2019int\u00e9r\u00eat g\u00e9n\u00e9ral \u00e9ligible au m\u00e9c\u00e9nat, soit reversent \u00e0 un tel organisme les revenus tir\u00e9s des versements re\u00e7us ;<\/li>\n<li>des soci\u00e9t\u00e9s dont l\u2019\u00c9tat est l\u2019actionnaire unique qui ont pour activit\u00e9 la repr\u00e9sentation de la France aux expositions universelles ;<\/li>\n<li>des soci\u00e9t\u00e9s nationales de programmes (notamment France T\u00e9l\u00e9visions et Radio France) pour le financement de programmes audiovisuels culturels.<\/li>\n<li>Le r\u00e9gime s\u2019applique aux versements effectu\u00e9s en faveur des organismes \u00e9tablis en France ou dans un \u00c9tat membre de l\u2019Union europ\u00e9enne, en Norv\u00e8ge, au Liechtenstein ou en Islande.<\/li>\n<\/ul>\n<div class=\"ct_texte_paragraphe\">\n<p style=\"text-align: justify;\">Pour les exercices clos \u00e0 compter du 31 d\u00e9cembre 2019, ces d\u00e9penses sont retenues dans la double limite de : soit de 20 000 \u20ac, soit de 5 pour mille du chiffre d&rsquo;affaires lorsque ce dernier montant est plus \u00e9lev\u00e9. Ces dons vers\u00e9s ne sont pas d\u00e9ductibles fiscalement.<\/p>\n<\/div>\n<p style=\"text-align: justify;\">3\u00b0) Les d\u00e9penses de sponsoring ou de parrainage effectu\u00e9es dans le cadre de manifestations \u00e0 caract\u00e8re philanthropique, \u00e9ducatif, scientifique, social, humanitaire, sportif, familial, culturel ou concourant \u00e0 la mise en valeur du patrimoine artistique, \u00e0 la d\u00e9fense de l&rsquo;environnement naturel ou \u00e0 la diffusion de la culture, de la langue et des connaissances scientifiques fran\u00e7aises, sont d\u00e9ductibles.<\/p>\n<p style=\"text-align: justify;\"><strong>X\u00b0) Charges financi\u00e8res<\/strong><\/p>\n<p style=\"text-align: justify;\">\u00c0 compter de 2019, les soci\u00e9t\u00e9s soumises \u00e0 l&rsquo;IS, non sous-capitalis\u00e9es et ne faisant pas partie d&rsquo;un groupe fiscal ne peuvent d\u00e9duire leurs charges financi\u00e8res que dans la limite de 30 % du r\u00e9sultat avant imp\u00f4ts, int\u00e9r\u00eats, d\u00e9pr\u00e9ciations et amortissements (Ebitda fiscal) ou de 3 M\u20ac par exercice de 12 mois lorsque cette limite est sup\u00e9rieure.<\/p>\n<\/div>\n<div class=\"entry-content\">\n<p style=\"text-align: justify;\"><strong>XI\u00b0) \u00c9carts de conversion et provisions pour pertes de change<\/strong><\/p>\n<p style=\"text-align: justify;\">En comptabilit\u00e9, les \u00e9carts de conversion sont enregistr\u00e9s \u00e0 l\u2019actif elles ne constituent pas des charges comptables. Elles sont d\u00e9duites du r\u00e9sultat fiscal. En revanche, la provision pour perte de change n\u2019est pas d\u00e9ductible fiscalement, elle est r\u00e9int\u00e9gr\u00e9e.<\/p>\n<\/div>\n","protected":false},"excerpt":{"rendered":"<p>&nbsp; I\u00b0)\u00a0Conditions de d\u00e9ductiblit\u00e9 A\u00b0) Conditions de fond Une charge n\u2019est d\u00e9ductible du r\u00e9sultat fiscal que dans la mesure o\u00f9 elle est engag\u00e9e dans l\u2019int\u00e9r\u00eat de l\u2019entreprise ou quand elle est n\u00e9cessaire \u00e0 l\u2019exploitation. Ne sont pas d\u00e9ductibles les charges &hellip; <a href=\"https:\/\/web-france.eu\/index.php\/2024\/07\/19\/charges-deductibles\/\">Continuer la lecture <span class=\"meta-nav\">&rarr;<\/span><\/a> <a href=\"https:\/\/web-france.eu\/index.php\/2024\/07\/19\/charges-deductibles\/\">Continuer la lecture <span class=\"meta-nav\">&rarr;<\/span><\/a><\/p>\n","protected":false},"author":1,"featured_media":0,"comment_status":"closed","ping_status":"open","sticky":false,"template":"","format":"standard","meta":{"footnotes":""},"categories":[1],"tags":[],"_links":{"self":[{"href":"https:\/\/web-france.eu\/index.php\/wp-json\/wp\/v2\/posts\/8"}],"collection":[{"href":"https:\/\/web-france.eu\/index.php\/wp-json\/wp\/v2\/posts"}],"about":[{"href":"https:\/\/web-france.eu\/index.php\/wp-json\/wp\/v2\/types\/post"}],"author":[{"embeddable":true,"href":"https:\/\/web-france.eu\/index.php\/wp-json\/wp\/v2\/users\/1"}],"replies":[{"embeddable":true,"href":"https:\/\/web-france.eu\/index.php\/wp-json\/wp\/v2\/comments?post=8"}],"version-history":[{"count":16,"href":"https:\/\/web-france.eu\/index.php\/wp-json\/wp\/v2\/posts\/8\/revisions"}],"predecessor-version":[{"id":939,"href":"https:\/\/web-france.eu\/index.php\/wp-json\/wp\/v2\/posts\/8\/revisions\/939"}],"wp:attachment":[{"href":"https:\/\/web-france.eu\/index.php\/wp-json\/wp\/v2\/media?parent=8"}],"wp:term":[{"taxonomy":"category","embeddable":true,"href":"https:\/\/web-france.eu\/index.php\/wp-json\/wp\/v2\/categories?post=8"},{"taxonomy":"post_tag","embeddable":true,"href":"https:\/\/web-france.eu\/index.php\/wp-json\/wp\/v2\/tags?post=8"}],"curies":[{"name":"wp","href":"https:\/\/api.w.org\/{rel}","templated":true}]}}