{"id":770,"date":"0202-02-14T19:17:10","date_gmt":"0202-02-14T19:07:49","guid":{"rendered":"https:\/\/web-france.eu\/?p=770"},"modified":"2024-02-15T19:17:15","modified_gmt":"2024-02-15T18:17:15","slug":"entreprise-individuelle","status":"publish","type":"post","link":"https:\/\/web-france.eu\/index.php\/0202\/02\/14\/entreprise-individuelle\/","title":{"rendered":"Entreprise individuelle"},"content":{"rendered":"<p style=\"text-align: justify;\">L\u2019entreprise individuelle est une entreprise \u00e0 une seule personne : exploitant individuel (ou entrepreneur individuel) qui a le statut de commer\u00e7ant, artisan, agriculteur ou membre de profession lib\u00e9rale.<\/p>\n<p style=\"text-align: justify;\"><strong>Responsabilit\u00e9<\/strong><\/p>\n<p style=\"text-align: justify;\">L&rsquo;entrepreneur individuel \u00e9tait ind\u00e9finiment responsable des dettes professionnelles sur l&rsquo;ensemble de son patrimoine personnel, s&rsquo;il n&rsquo;avait pas opt\u00e9 pour l&rsquo;entreprise individuelle \u00e0 responsabilit\u00e9 limit\u00e9e (EIRL).<\/p>\n<p style=\"text-align: justify;\">La loi du 14 f\u00e9vrier 2022 en faveur de l&rsquo;activit\u00e9 professionnelle ind\u00e9pendante permet la cr\u00e9ation d\u2019un statut unique qui prot\u00e8ge le patrimoine personnel. Dor\u00e9navant, l\u2019ensemble du patrimoine personnel de l\u2019entrepreneur individuel est prot\u00e9g\u00e9. Il devient par d\u00e9faut insaisissable par les cr\u00e9anciers professionnels, sauf si l\u2019entrepreneur en d\u00e9cide autrement. Seuls les \u00e9l\u00e9ments utiles \u00e0 l\u2019activit\u00e9 professionnelle de l\u2019entrepreneur individuel peuvent \u00eatre saisis en cas de d\u00e9faillance professionnelle.<\/p>\n<p style=\"text-align: justify;\">Pour affecter une partie du patrimoine \u00e0 l&rsquo;activit\u00e9 professionnelle, l&rsquo;entrepreneur individuel doit effectuer une d\u00e9claration afin de d\u00e9limiter son patrimoine professionnel, dit patrimoine d&rsquo;affectation. Le patrimoine d&rsquo;affectation comprend obligatoirement tous les biens, droits, obligations, s\u00fbret\u00e9s n\u00e9cessaires \u00e0 l&rsquo;activit\u00e9 de l&rsquo;EI.<\/p>\n<p style=\"text-align: justify;\">Depuis le 15 mai 2022, un statut unique de l&rsquo;entrepreneur individuel est en vigueur. Il met fin \u00e0 la possibilit\u00e9 de cr\u00e9er une Entreprise individuelle \u00e0 responsabilit\u00e9 limit\u00e9e (EIRL) et all\u00e8ge les formalit\u00e9s attach\u00e9es \u00e0 l&rsquo;entreprise individuelle. La principale nouveaut\u00e9 qu&rsquo;instaure le statut unique d&rsquo;entrepreneur individuel est \u00a0\u00bbla s\u00e9paration entre le patrimoine professionnel et le patrimoine personnel de l&rsquo;entrepreneur\u00a0\u00bb.<\/p>\n<p style=\"text-align: justify;\"><strong>Constitution<\/strong><\/p>\n<p style=\"text-align: justify;\">L&rsquo;entreprise individuelle se caract\u00e9rise par sa simplicit\u00e9 de constitution.\u00a0Depuis le 1<sup>er<\/sup>\u00a0janvier 2023, il n&rsquo;est plus possible d&rsquo;effectuer les d\u00e9marches dans un Centre de formalit\u00e9s des entreprises (CFE). Il faut les r\u00e9aliser obligatoirement sur le site internet du guichet des formalit\u00e9s des entreprises. Le chef d&rsquo;entreprise peut r\u00e9aliser lui-m\u00eame les formalit\u00e9s en ligne. Il peut \u00e9galement demander \u00e0 un salari\u00e9 (d\u00e9l\u00e9gataire) de r\u00e9aliser les formalit\u00e9s pour le compte de l&rsquo;entreprise. Il peut aussi donner cette mission \u00e0 toute autre personne (mandataire) en r\u00e9digeant un contrat de mandat.<\/p>\n<p style=\"text-align: justify;\">L&rsquo;immatriculation de l&rsquo;entreprise intervient apr\u00e8s certaines formalit\u00e9s.\u00a0Le guichet permet de r\u00e9aliser sur un seul site internet les d\u00e9marches administratives li\u00e9es \u00e0 la d\u00e9claration l\u2019activit\u00e9. Il transmet automatiquement aux organismes comp\u00e9tents (INSEE, organismes sociaux et fiscaux, greffiers des tribunaux de commerce, etc.) les informations qui les concernent.<\/p>\n<p style=\"text-align: justify;\">L\u2019INSEE fournit les num\u00e9ros SIREN pour l\u2019entreprise et SIRET pour chacun des \u00e9tablissements, le code APE pour identifier l\u2019activit\u00e9 principale).<\/p>\n<p style=\"text-align: justify;\"><strong>Fonctionnement<\/strong><\/p>\n<p style=\"text-align: justify;\">Simplicit\u00e9 : l&rsquo;entrepreneur dispose des pleins pouvoirs pour diriger son entreprise et prend seul les d\u00e9cisions.<\/p>\n<p style=\"text-align: justify;\">Il n&rsquo;a pas \u00e0 rendre compte de sa gestion ni \u00e0 publier ses comptes annuels. L&rsquo;entreprise n&rsquo;ayant pas de personnalit\u00e9 juridique distincte de celle de son dirigeant, il n&rsquo;y a pas de notion \u00ab\u00a0d&rsquo;abus de bien social\u00a0\u00bb.<\/p>\n<p style=\"text-align: justify;\"><strong>Imposition<\/strong><\/p>\n<p style=\"text-align: justify;\">L\u2019exploitant individuel est impos\u00e9 \u00e0 l&rsquo;imp\u00f4t sur le revenu dans la cat\u00e9gorie des b\u00e9n\u00e9fices industriels et commerciaux (BIC) pour les commer\u00e7ants\/artisans, des b\u00e9n\u00e9fices non commerciaux (BNC) pour les professions lib\u00e9rales, des b\u00e9n\u00e9fices agricoles (BA) pour les professions agricoles.<\/p>\n<p style=\"text-align: justify;\">L&rsquo;entrepreneur individuel a la possibilit\u00e9 d&rsquo;opter pour l&rsquo;imp\u00f4t sur les soci\u00e9t\u00e9s. Depuis 2019, il existe un droit de r\u00e9vocation de l&rsquo;option pour l&rsquo;imp\u00f4t sur les soci\u00e9t\u00e9s.<\/p>\n<p style=\"text-align: justify;\">Le micro-entrepreneur a le choix entre le r\u00e9gime de la micro-entreprise (r\u00e9gime de droit commun) et le versement lib\u00e9ratoire de l&rsquo;imp\u00f4t sur le revenu (r\u00e9gime optionnel).<\/p>\n<p style=\"text-align: justify;\">R\u00e9gime de la micro-entreprise. R\u00e9duction de :<\/p>\n<ul style=\"text-align: justify;\">\n<li>71 % du CA pour les activit\u00e9s d&rsquo;achat de biens destin\u00e9s \u00e0 \u00eatre revendus en l&rsquo;\u00e9tat, de fabrication de biens (en vue de leur vente), de produits \u00e0 partir de mati\u00e8res premi\u00e8res (farine, m\u00e9taux, bois, c\u00e9ramique&#8230;), de vente de denr\u00e9es \u00e0 consommer sur place, de fournitures de prestations d&rsquo;h\u00e9bergement ;<\/li>\n<\/ul>\n<ul style=\"text-align: justify;\">\n<li>50 % du CA pour les autres activit\u00e9s industrielles et \u00e9conomiques ;<\/li>\n<\/ul>\n<ul style=\"text-align: justify;\">\n<li>34 % du CA pour les activit\u00e9s lib\u00e9rales.<\/li>\n<\/ul>\n<p style=\"text-align: justify;\">Ce montant forfaitaire ne peut pas \u00eatre inf\u00e9rieur \u00e0 un montant de 305 euros repr\u00e9sentatifs des frais professionnels.<\/p>\n<p style=\"text-align: justify;\">Sous certaines conditions, le micro-entrepreneur peut opter pour le r\u00e9gime du versement lib\u00e9ratoire de l\u2019imp\u00f4t sur le revenu<strong>. <\/strong>Cette option permet de soumettre ce revenu \u00e0 un bar\u00e8me fixe\u00a0:<\/p>\n<table width=\"629\">\n<thead>\n<tr>\n<td colspan=\"4\" width=\"629\"><strong>Versement social et fiscal lib\u00e9ratoire du r\u00e9gime micro-social<br \/>\nTaux pour 2023<\/strong><\/td>\n<\/tr>\n<\/thead>\n<tbody>\n<tr>\n<td width=\"277\">&nbsp;<\/td>\n<td width=\"100\"><strong>Cotisations sociales<\/strong><\/td>\n<td width=\"95\"><strong>Imp\u00f4ts<\/strong><\/td>\n<td width=\"157\"><strong>Pr\u00e9l\u00e8vement social et fiscal<\/strong><\/td>\n<\/tr>\n<tr>\n<td width=\"277\">Ventes de marchandises<br \/>\n(RSI-BIC)<\/td>\n<td width=\"100\">12,3%<\/td>\n<td width=\"95\">1%<\/td>\n<td width=\"157\"><strong>13,3%<\/strong><\/td>\n<\/tr>\n<tr>\n<td width=\"277\">Prestations de service commerciales ou artisanales<br \/>\n(RSI-BIC)<\/td>\n<td width=\"100\">21,2%<\/td>\n<td width=\"95\">1,7%<\/td>\n<td width=\"157\"><strong>22,9%<\/strong><\/td>\n<\/tr>\n<tr>\n<td width=\"277\">Autres prestations de services<br \/>\n(RSI-BNC)<\/td>\n<td width=\"100\">21,1%<\/td>\n<td width=\"95\">1,7%<\/td>\n<td width=\"157\"><strong>22,8%<\/strong><\/td>\n<\/tr>\n<tr>\n<td width=\"277\">Activit\u00e9 lib\u00e9rale<br \/>\n(CIPAV-BNC)<\/td>\n<td width=\"100\">21,20%<\/td>\n<td width=\"95\">2,2%<\/td>\n<td width=\"157\"><strong>23,4%<\/strong><\/td>\n<\/tr>\n<\/tbody>\n<\/table>\n<p style=\"text-align: justify;\"><strong>R\u00e9gime social<\/strong><\/p>\n<p style=\"text-align: justify;\">L\u2019entrepreneur individuel a le r\u00e9gime des travailleurs non-salari\u00e9s. Ses cotisations sont calcul\u00e9es :<\/p>\n<ul>\n<li style=\"text-align: justify;\">Sur la base du b\u00e9n\u00e9fice imposable (sauf en cas d&rsquo;option pour l&rsquo;IS pour l&rsquo;EURL, les cotisations sociales sont calcul\u00e9es sur la r\u00e9mun\u00e9ration attribu\u00e9e et \u00e9ventuellement sur une partie des dividendes) ;<\/li>\n<li style=\"text-align: justify;\">Sur la base du CA pour les micro-entrepreneurs.<\/li>\n<\/ul>\n<p style=\"text-align: justify;\">Les entrepreneurs individuels ont la possibilit\u00e9 de cotiser \u00e0 un r\u00e9gime compl\u00e9mentaire d&rsquo;assurance vieillesse, d&rsquo;invalidit\u00e9-d\u00e9c\u00e8s et de retraite compl\u00e9mentaire. Ils n&rsquo;ont pas les droits \u00e0 l&rsquo;assurance ch\u00f4mage au titre de l&rsquo;activit\u00e9 non salari\u00e9e, mais ils ont la possibilit\u00e9 de souscrire une assurance personnelle. Le conjoint de l&rsquo;entrepreneur individuel qui participe \u00e0 l&rsquo;activit\u00e9, \u00e0 la possibilit\u00e9 d&rsquo;opter pour le statut de conjoint collaborateur s&rsquo;il en remplit les conditions ou de conjoint salari\u00e9.<\/p>\n<p style=\"text-align: justify;\"><strong>Transmission de l\u2019EI<\/strong><\/p>\n<ul>\n<li style=\"text-align: justify;\">L\u2019exploitant peut c\u00e9der son fonds de commerce ou sa client\u00e8le.<\/li>\n<li><span style=\"text-align: justify;\">Il peut mettre son fonds de commerce en location-g\u00e9rance.<\/span><\/li>\n<li><span style=\"text-align: justify;\">Il peut constituer une soci\u00e9t\u00e9. Il apporte son fonds de commerce.<\/span><\/li>\n<\/ul>\n<p style=\"text-align: justify;\"><strong>Avantages et inconv\u00e9nients<\/strong><\/p>\n<p style=\"text-align: justify;\"><strong>Principaux avantages<\/strong><\/p>\n<ul>\n<li style=\"text-align: justify;\">Simplicit\u00e9 de constitution.<\/li>\n<li><span style=\"text-align: justify;\">Simplicit\u00e9 de fonctionnement.<\/span><\/li>\n<li><span style=\"text-align: justify;\">Libert\u00e9 d&rsquo;action du chef d&rsquo;entreprise.<\/span><\/li>\n<\/ul>\n<p style=\"text-align: justify;\"><strong>Principal inconv\u00e9nient<\/strong><\/p>\n<ul>\n<li style=\"text-align: justify;\">Transmission de l&rsquo;EI dans le cadre d&rsquo;une succession.<\/li>\n<\/ul>\n","protected":false},"excerpt":{"rendered":"<p>L\u2019entreprise individuelle est une entreprise \u00e0 une seule personne : exploitant individuel (ou entrepreneur individuel) qui a le statut de commer\u00e7ant, artisan, agriculteur ou membre de profession lib\u00e9rale. Responsabilit\u00e9 L&rsquo;entrepreneur individuel \u00e9tait ind\u00e9finiment responsable des dettes professionnelles sur l&rsquo;ensemble de &hellip; <a href=\"https:\/\/web-france.eu\/index.php\/0202\/02\/14\/entreprise-individuelle\/\">Continuer la lecture <span class=\"meta-nav\">&rarr;<\/span><\/a><\/p>\n","protected":false},"author":1,"featured_media":0,"comment_status":"closed","ping_status":"closed","sticky":false,"template":"","format":"standard","meta":{"footnotes":""},"categories":[1],"tags":[],"_links":{"self":[{"href":"https:\/\/web-france.eu\/index.php\/wp-json\/wp\/v2\/posts\/770"}],"collection":[{"href":"https:\/\/web-france.eu\/index.php\/wp-json\/wp\/v2\/posts"}],"about":[{"href":"https:\/\/web-france.eu\/index.php\/wp-json\/wp\/v2\/types\/post"}],"author":[{"embeddable":true,"href":"https:\/\/web-france.eu\/index.php\/wp-json\/wp\/v2\/users\/1"}],"replies":[{"embeddable":true,"href":"https:\/\/web-france.eu\/index.php\/wp-json\/wp\/v2\/comments?post=770"}],"version-history":[{"count":5,"href":"https:\/\/web-france.eu\/index.php\/wp-json\/wp\/v2\/posts\/770\/revisions"}],"predecessor-version":[{"id":878,"href":"https:\/\/web-france.eu\/index.php\/wp-json\/wp\/v2\/posts\/770\/revisions\/878"}],"wp:attachment":[{"href":"https:\/\/web-france.eu\/index.php\/wp-json\/wp\/v2\/media?parent=770"}],"wp:term":[{"taxonomy":"category","embeddable":true,"href":"https:\/\/web-france.eu\/index.php\/wp-json\/wp\/v2\/categories?post=770"},{"taxonomy":"post_tag","embeddable":true,"href":"https:\/\/web-france.eu\/index.php\/wp-json\/wp\/v2\/tags?post=770"}],"curies":[{"name":"wp","href":"https:\/\/api.w.org\/{rel}","templated":true}]}}