{"id":69,"date":"2020-04-20T19:29:06","date_gmt":"2020-04-20T18:29:06","guid":{"rendered":"http:\/\/master-gestion.net\/wp\/?p=69"},"modified":"2020-04-20T19:29:06","modified_gmt":"2020-04-20T18:29:06","slug":"le-regime-des-pv-et-mv-professionnelles","status":"publish","type":"post","link":"https:\/\/web-france.eu\/index.php\/2020\/04\/20\/le-regime-des-pv-et-mv-professionnelles\/","title":{"rendered":"PV et MV professionnelles"},"content":{"rendered":"<p style=\"text-align: justify;\">Le r\u00e9gime des PV et des MV s&rsquo;applique, entre autres, lorsqu&rsquo;il a cession d&rsquo;une immobilisation.<\/p>\n<p style=\"text-align: justify;\"><strong>I\u00b0)\u00a0Distinction CT et LT<\/strong><\/p>\n<p style=\"text-align: justify;\"><strong>A\u00b0) L\u2019entreprise rel\u00e8ve de l&rsquo;IR<\/strong><\/p>\n<p>&nbsp;<\/p>\n<table>\n<tbody>\n<tr>\n<td width=\"144\">Nature<\/p>\n<p>l&rsquo;\u00e9l\u00e9ment c\u00e9d\u00e9<\/td>\n<td colspan=\"2\" width=\"252\">\n<p style=\"text-align: center;\">Bien acquis depuis moins de 2 ans<\/p>\n<\/td>\n<td colspan=\"2\" width=\"252\">\n<p style=\"text-align: center;\">Bien acquis depuis plus de 2 ans<\/p>\n<\/td>\n<\/tr>\n<tr>\n<td width=\"144\"><\/td>\n<td width=\"126\">\n<p style=\"text-align: center;\">PV<\/p>\n<\/td>\n<td width=\"126\">\n<p style=\"text-align: center;\">MV<\/p>\n<\/td>\n<td width=\"126\">\n<p style=\"text-align: center;\">PV<\/p>\n<\/td>\n<td width=\"126\">\n<p style=\"text-align: center;\">MV<\/p>\n<\/td>\n<\/tr>\n<tr>\n<td width=\"144\">Biens amortissables<\/td>\n<td width=\"126\">\n<p style=\"text-align: center;\">CT<\/p>\n<\/td>\n<td width=\"126\">\n<p style=\"text-align: center;\">CT<\/p>\n<p>&nbsp;<\/td>\n<td width=\"126\">\n<p style=\"text-align: center;\">CT : limites des AMTS pratiqu\u00e9s<\/p>\n<p style=\"text-align: center;\">LT : au del\u00e0<\/p>\n<\/td>\n<td width=\"126\">CT<\/td>\n<\/tr>\n<tr>\n<td width=\"144\">Biens non amortissables<\/p>\n<p>&nbsp;<\/td>\n<td width=\"126\">\n<p style=\"text-align: center;\">CT<\/p>\n<\/td>\n<td width=\"126\">\n<p style=\"text-align: center;\">CT<\/p>\n<\/td>\n<td width=\"126\">\n<p style=\"text-align: center;\">LT<\/p>\n<\/td>\n<td width=\"126\">\n<p style=\"text-align: center;\">LT<\/p>\n<\/td>\n<\/tr>\n<\/tbody>\n<\/table>\n<p style=\"text-align: justify;\"><strong>B\u00b0) L&rsquo;entreprise est soumise \u00e0 l&rsquo;IS<\/strong><\/p>\n<p style=\"text-align: justify;\">Seuls les titres de participation et les produits nets de concession de licences d&rsquo;exploitation de brevets ou droits assimil\u00e9s suivent le r\u00e9gime des PV\/MV \u00e0 long terme.<\/p>\n<table>\n<tbody>\n<tr>\n<td width=\"144\">Nature<\/p>\n<p>l&rsquo;\u00e9l\u00e9ment c\u00e9d\u00e9<\/td>\n<td style=\"text-align: center;\" colspan=\"2\" width=\"252\">Bien acquis depuis moins de 2 ans<\/td>\n<td style=\"text-align: center;\" colspan=\"2\" width=\"252\">Bien acquis depuis plus de 2 ans<\/td>\n<\/tr>\n<tr>\n<td width=\"144\"><\/td>\n<td style=\"text-align: center;\" width=\"126\">PV<\/td>\n<td style=\"text-align: center;\" width=\"126\">MV<\/td>\n<td style=\"text-align: center;\" width=\"126\">PV<\/td>\n<td style=\"text-align: center;\" width=\"126\">MV<\/td>\n<\/tr>\n<tr>\n<td style=\"text-align: center;\" width=\"144\">Titres de participation<\/td>\n<td width=\"126\">\n<p style=\"text-align: center;\">CT<\/p>\n<p>&nbsp;<\/p>\n<p>&nbsp;<\/td>\n<td width=\"126\">\n<p style=\"text-align: center;\">CT<\/p>\n<p>&nbsp;<\/td>\n<td width=\"126\">\n<p style=\"text-align: center;\">LT<\/p>\n<p>&nbsp;<\/td>\n<td width=\"126\">\n<p style=\"text-align: center;\">LT<\/p>\n<\/td>\n<\/tr>\n<tr>\n<td width=\"144\">\n<p style=\"text-align: center;\">Autres biens<\/p>\n<p>&nbsp;<\/td>\n<td width=\"126\">\n<p style=\"text-align: center;\">CT<\/p>\n<\/td>\n<td width=\"126\">\n<p style=\"text-align: center;\">CT<\/p>\n<\/td>\n<td width=\"126\">\n<p style=\"text-align: center;\">CT<\/p>\n<\/td>\n<td width=\"126\">\n<p style=\"text-align: center;\">CT<\/p>\n<\/td>\n<\/tr>\n<\/tbody>\n<\/table>\n<p style=\"text-align: justify;\">Les autres titres et les VMP sont exclus du r\u00e9gime. Les P.V. financi\u00e8res consid\u00e9r\u00e9es comme sp\u00e9culatives (valeurs mobili\u00e8res de placement, obligations, titres participatifs, parts ou actions d&rsquo;OPCVM (organismes de placements collectifs en valeurs mobili\u00e8res : SICAV et FCP) fran\u00e7ais ou \u00e9trangers sont exclus du r\u00e9gime.<\/p>\n<p style=\"text-align: justify;\"><strong>II\u00b0)\u00a0Mode d&rsquo;imposition<\/strong><\/p>\n<p style=\"text-align: justify;\">Les PV et MV ne sont pas enregistr\u00e9es directement en CG (R\u00e9sultat de cession = 775 &#8211; 675). Les calculs se font d&rsquo;une fa\u00e7on extracomptable. Il y a compensation entre les PV, MV, LT et CT.<\/p>\n<p style=\"text-align: justify;\"><strong>A\u00b0) PV nette \u00e0 CT<\/strong><\/p>\n<p style=\"text-align: justify;\">Elle est imposable au taux normal (pas de rectification extracomptable).<\/p>\n<p style=\"text-align: justify;\"><strong>Option\u00a0<\/strong>:\u00a0l&rsquo;imposition de la PV \u00e0 CT peut \u00eatre \u00e9tal\u00e9e sur 3 ans, cette option est refus\u00e9e aux soci\u00e9t\u00e9s relevant de l&rsquo;IS depuis 1987.<\/p>\n<p style=\"text-align: justify;\"><strong>B\u00b0)\u00a0MV nette \u00e0 CT<\/strong><\/p>\n<p style=\"text-align: justify;\">Elle est d\u00e9duite des r\u00e9sultats au taux normal (pas de rectification extracomptable).<\/p>\n<p style=\"text-align: justify;\"><strong>C\u00b0) PV\u00a0 nette \u00e0 LT<\/strong><\/p>\n<p style=\"text-align: justify;\">Les MV LT des dix exercices pr\u00e9c\u00e9dents s&rsquo;imputent sur la PV LT de l&rsquo;exercice. Le solde est tax\u00e9 \u00e0 un taux r\u00e9duit. En cas de d\u00e9ficit, la PV nette LT peut s&rsquo;imputer sur ce d\u00e9ficit.<\/p>\n<p style=\"text-align: justify;\">Les PV \u00e0 LT issues de titres de soci\u00e9t\u00e9s \u00e0 pr\u00e9pond\u00e9rance immobili\u00e8re sont impos\u00e9es \u00e0 19\u00a0%.<\/p>\n<p style=\"text-align: justify;\"><strong><em>Entreprise soumise \u00e0 l&rsquo;IR<\/em><\/strong><\/p>\n<p style=\"text-align: justify;\">Taux PV \u00e0 LT : 12,8 % + CSG : 9,2 % + CRDS : 0,5 % + pr\u00e9l\u00e8vement de solidarit\u00e9 : 7,5 %. Total = 30 %.<\/p>\n<p style=\"text-align: justify;\"><strong><em>Soci\u00e9t\u00e9s soumises \u00e0 l&rsquo;IS<\/em><\/strong><\/p>\n<p>Les PV \u00e0 LT issues des titres de participation sont impos\u00e9es \u00e0 0 %. Une quote-part de 12 % des PV \u00e0 LT doit \u00eatre r\u00e9int\u00e9gr\u00e9es. Pas de quote-part en cas de MV \u00e0 LT.<\/p>\n<p>Les PV \u00e0 LT issues des brevets sont impos\u00e9es \u00e0 10 %<\/p>\n<p><strong>D\u00b0)\u00a0MV nette \u00e0 LT<\/strong><\/p>\n<p style=\"text-align: justify;\">Elle n&rsquo;est pas d\u00e9duite des r\u00e9sultats au taux normal, elle est donc r\u00e9int\u00e9gr\u00e9e en fiscalit\u00e9. Elle sera imput\u00e9e sur les PV nettes \u00e0 LT des dix exercices suivants. Les MV \u00e0 LT \u00e0 0 % ne sont pas reportables, ni imputables.<\/p>\n<p style=\"text-align: justify;\"><strong>III\u00b0)\u00a0R\u00e9gimes particuliers<\/strong><\/p>\n<p style=\"text-align: justify;\"><strong>A\u00b0)\u00a0Titres du portefeuille<\/strong><\/p>\n<p style=\"text-align: justify;\"><strong>Distinction du plan comptable<\/strong><\/p>\n<p style=\"text-align: justify;\">261 titres de participation (plus de 10 % du capital)<\/p>\n<p style=\"text-align: justify;\">2711 Actions<\/p>\n<p style=\"text-align: justify;\">2721 Obligations<\/p>\n<p>273 TIAP<\/p>\n<p style=\"text-align: justify;\">(Titres d\u00e9tenus durablement)<\/p>\n<p style=\"text-align: justify;\">50 VMP (destin\u00e9es \u00e0 \u00eatre revendues dans de brefs d\u00e9lais afin d&rsquo;en tirer une PV)<\/p>\n<p style=\"text-align: justify;\"><strong>\u00a0<\/strong><strong>Sur le plan fiscal pour les BIC<\/strong><\/p>\n<p style=\"text-align: justify;\">Sont consid\u00e9r\u00e9s comme des valeurs immobilis\u00e9es :<\/p>\n<ul style=\"text-align: justify;\">\n<li>Les titres d\u00e9tenus depuis plus de 2 ans\u00a0;<\/li>\n<li style=\"text-align: justify;\">Les titres acquis depuis moins de 2 ans dans la mesure o\u00f9 le portefeuille d\u00e9tient des titres de m\u00eame nature depuis plus de deux ans.<\/li>\n<\/ul>\n<p style=\"text-align: justify;\"><strong>2\u00b0) Cession des titres<\/strong><\/p>\n<ul>\n<li style=\"text-align: justify;\">Les titres de participation\u00a0:\u00a0m\u00e9thode PEPS ou du CUMP\u00a0;<\/li>\n<li style=\"text-align: justify;\">Les autres titres\u00a0:\u00a0PEPS.<\/li>\n<\/ul>\n<p style=\"text-align: justify;\"><strong>3\u00b0) D\u00e9pr\u00e9ciation<br \/>\n<\/strong><\/p>\n<p style=\"text-align: justify;\">Les dotations (686) sont consid\u00e9r\u00e9es comme une MV \u00e0 LT et les reprises (786) comme une PV \u00e0 LT. Pour les soci\u00e9t\u00e9s soumises \u00e0 l&rsquo;IS, seuls les titres de participations suivent le r\u00e9gime des PV et MV \u00e0 LT.<\/p>\n<p style=\"text-align: justify;\"><strong>B\u00b0)\u00a0R\u00e9gime des produits de la propri\u00e9t\u00e9 industrielle<\/strong><\/p>\n<p style=\"text-align: justify;\">\u00c0 compter du 1er janvier 2019, un nouveau r\u00e9gime est cr\u00e9\u00e9 afin de respecter l&rsquo;approche <span class=\"txtbold\">\u00ab\u00a0nexus\u00a0\u00bb consacr\u00e9e par l&rsquo;OCDE, puis par l&rsquo;UE. Ce r\u00e9gime <\/span><span class=\"txt\">s&rsquo;applique aux entreprises relevant de l&rsquo;IS ou de l&rsquo;IR soumises au r\u00e9gime r\u00e9el d&rsquo;imposition, au titre du r\u00e9sultat net de <span class=\"txtbold\">cession, <\/span><span class=\"txtbold\">concession<\/span>\u00a0de licence d&rsquo;exploitation ou\u00a0<span class=\"txtbold\">sous-concession<\/span>\u00a0portant sur certains\u00a0<span class=\"txtbold\">droits<\/span> de la propri\u00e9t\u00e9 intellectuelle : brevets, certificats d&rsquo;utilit\u00e9, certificats compl\u00e9mentaires de protection rattach\u00e9s \u00e0 un brevet, certificats d&rsquo;obtention v\u00e9g\u00e9tale, logiciels prot\u00e9g\u00e9s par le droit d&rsquo;auteur, proc\u00e9d\u00e9s de fabrication industriels, et, pour les PME, inventions dont la brevetabilit\u00e9 a \u00e9t\u00e9 certifi\u00e9e par l&rsquo;INPI.<\/span><\/p>\n<div class=\"qw-level qw-level-8 qw-mem-has-ci-links\">\n<div class=\"qw-level-wrapper qw-level-8-wrapper qw-righted\" data-nelem=\"NIVI\">\n<div class=\"qw-level-title\"><span style=\"font-size: 12pt;\"><strong>Brevets conc\u00e9d\u00e9s<\/strong><\/span><\/div>\n<div><span style=\"font-size: 12pt;\">\u00a0<\/span><\/div>\n<div><\/div>\n<\/div>\n<\/div>\n<div>\n<div><span style=\"font-size: 12pt;\">Le r\u00e9sultat net de la concession impos\u00e9 au taux r\u00e9duit \u00e0 10 % est d\u00e9termin\u00e9 :<\/span><\/div>\n<div><span style=\"font-size: 12pt;\">\u00a0<\/span><\/div>\n<\/div>\n<div style=\"text-align: justify;\"><\/div>\n<div style=\"text-align: justify;\"><span style=\"font-size: 12pt;\">1\u00b0)\u00a0Le r\u00e9sultat net est calcul\u00e9 par diff\u00e9rence entre le revenu tir\u00e9 de l&rsquo;actif \u00e9ligible, et, les d\u00e9penses de recherche et d\u00e9veloppement (R&amp;D) aff\u00e9rentes \u00e0 cet actif.<\/span><\/div>\n<div><span style=\"font-size: 12pt;\">\u00a0<\/span><\/div>\n<div style=\"text-align: justify;\"><\/div>\n<div style=\"text-align: justify;\"><span style=\"font-size: 12pt;\">2\u00b0) Si le r\u00e9sultat net est positif, seule une fraction de ce r\u00e9sultat peut b\u00e9n\u00e9ficier du taux r\u00e9duit. Elle est obtenue en lui appliquant le ratio\u00a0existant entre :<\/span><\/div>\n<div><span style=\"font-size: 12pt;\">\u00a0<\/span><\/div>\n<div style=\"text-align: justify;\"><\/div>\n<div>\n<ul>\n<li style=\"text-align: justify;\"><span style=\"font-size: 12pt;\">au num\u00e9rateur : les d\u00e9penses de R&amp;D ;<\/span><\/li>\n<li style=\"text-align: justify;\"><span style=\"font-size: 12pt;\">au d\u00e9nominateur : les d\u00e9penses figurant au num\u00e9rateur, les d\u00e9penses externalis\u00e9es \u00e0 des entreprises li\u00e9es ainsi que les co\u00fbts d&rsquo;acquisition.<\/span><\/li>\n<\/ul>\n<\/div>\n<div style=\"text-align: justify;\"><span style=\"font-size: 12pt;\">Les co\u00fbts li\u00e9 aux emprunts, aux terrains et aux b\u00e2timents ne sont pas retenus pour le calcul du ratio \u00ab nexus \u00bb.<\/span><\/div>\n<div><span style=\"font-size: 12pt;\">\u00a0<\/span><\/div>\n<div style=\"text-align: justify;\"><\/div>\n<div>\n<div style=\"text-align: justify;\"><span style=\"font-size: 12pt;\">Si le r\u00e9sultat net est\u00a0n\u00e9gatif, il ne peut \u00eatre imput\u00e9 que sur les r\u00e9sultats nets b\u00e9n\u00e9ficiaires de concession du m\u00eame actif.<\/span><\/div>\n<div><span style=\"font-size: 12pt;\">\u00a0<\/span><\/div>\n<\/div>\n<p><span style=\"font-size: 12pt;\"><strong>Brevets c\u00e9d\u00e9s<\/strong><\/span><\/p>\n<p style=\"text-align: justify;\"><span style=\"font-size: 12pt;\">Ce r\u00e9gime \u00e0 taux r\u00e9duit s&rsquo;applique sur option au r\u00e9sultat net de cession d&rsquo;un actif incorporel, dans les m\u00eames conditions et selon les m\u00eames modalit\u00e9s qu&rsquo;en cas de concession. sous r\u00e9serve des conditions suppl\u00e9mentaires suivantes :<\/span><\/p>\n<ul>\n<li><span style=\"font-size: 12pt;\">Lorsque l&rsquo;actif incorporel a \u00e9t\u00e9\u00a0acquis \u00e0\u00a0titre on\u00e9reux, l&rsquo;acquisition doit \u00eatre faite \u00e0 deux ans au moins ;<\/span><\/li>\n<li><span style=\"font-size: 12pt;\">Et il ne doit pas exister de liens de d\u00e9pendance\u00a0entre l&rsquo;entreprise c\u00e9dante et l&rsquo;entreprise cessionnaire.<\/span><\/li>\n<\/ul>\n<p><strong><span style=\"font-size: 12pt;\">C\u00b0) Parts et acti<\/span>ons d&rsquo;OPCVM<\/strong><\/p>\n<p style=\"text-align: justify;\">\u00c0\u00a0la cl\u00f4ture de chaque exercice, les entreprises soumises \u00e0 l&rsquo;IS doivent calculer l&rsquo;\u00e9cart d\u2019\u00e9valuation constat\u00e9 entre :<\/p>\n<ul style=\"text-align: justify;\">\n<li style=\"text-align: justify;\">La valeur liquidative des titres \u00e0 la cl\u00f4ture de l&rsquo;exercice.<\/li>\n<li style=\"text-align: justify;\">Et la valeur liquidative de ces titres \u00e0 l&rsquo;ouverture de l&rsquo;exercice (ou de leur prix d&rsquo;acquisition, si les titres ont \u00e9t\u00e9 acquis lors de cet exercice).<\/li>\n<\/ul>\n<p style=\"text-align: justify;\">L&rsquo;\u00e9cart d&rsquo;\u00e9valuation positif est r\u00e9int\u00e9gr\u00e9 fiscalement et l&rsquo;\u00e9cart d\u2019\u00e9valuation n\u00e9gatif est d\u00e9duit. En cas de cession de ces titres, il y a neutralisation fiscale des \u00e9carts d&rsquo;\u00e9valuation.<\/p>\n<p style=\"text-align: justify;\"><strong>IV\u00b0) Exon\u00e9ration des PV r\u00e9alis\u00e9es par les PME relevant de l&rsquo;IR<\/strong><\/p>\n<p style=\"text-align: justify;\">Ces plus-values sont exon\u00e9r\u00e9es pour :<\/p>\n<ul>\n<li style=\"text-align: justify;\">la totalit\u00e9 de leur montant, lorsque les recettes annuelles HT sont inf\u00e9rieures ou \u00e9gales \u00e0 250\u00a0000 \u20ac (activit\u00e9s de vente) ou 90 000 \u20ac (autres activit\u00e9s)\u00a0;<\/li>\n<li style=\"text-align: justify;\">une partie de leur montant, lorsque les recettes sont comprises entre 250 000 \u20ac et 350\u00a0000 \u20ac (activit\u00e9s de vente) ou entre 90 000 \u20ac et 126 000 \u20ac (autres activit\u00e9s) .<\/li>\n<\/ul>\n","protected":false},"excerpt":{"rendered":"<p>Le r\u00e9gime des PV et des MV s&rsquo;applique, entre autres, lorsqu&rsquo;il a cession d&rsquo;une immobilisation. I\u00b0)\u00a0Distinction CT et LT A\u00b0) L\u2019entreprise rel\u00e8ve de l&rsquo;IR &nbsp; Nature l&rsquo;\u00e9l\u00e9ment c\u00e9d\u00e9 Bien acquis depuis moins de 2 ans Bien acquis depuis plus de &hellip; <a href=\"https:\/\/web-france.eu\/index.php\/2020\/04\/20\/le-regime-des-pv-et-mv-professionnelles\/\">Continuer la lecture <span class=\"meta-nav\">&rarr;<\/span><\/a> <a href=\"https:\/\/web-france.eu\/index.php\/2020\/04\/20\/le-regime-des-pv-et-mv-professionnelles\/\">Continuer la lecture <span class=\"meta-nav\">&rarr;<\/span><\/a><\/p>\n","protected":false},"author":1,"featured_media":0,"comment_status":"closed","ping_status":"open","sticky":false,"template":"","format":"standard","meta":{"footnotes":""},"categories":[1],"tags":[],"_links":{"self":[{"href":"https:\/\/web-france.eu\/index.php\/wp-json\/wp\/v2\/posts\/69"}],"collection":[{"href":"https:\/\/web-france.eu\/index.php\/wp-json\/wp\/v2\/posts"}],"about":[{"href":"https:\/\/web-france.eu\/index.php\/wp-json\/wp\/v2\/types\/post"}],"author":[{"embeddable":true,"href":"https:\/\/web-france.eu\/index.php\/wp-json\/wp\/v2\/users\/1"}],"replies":[{"embeddable":true,"href":"https:\/\/web-france.eu\/index.php\/wp-json\/wp\/v2\/comments?post=69"}],"version-history":[{"count":0,"href":"https:\/\/web-france.eu\/index.php\/wp-json\/wp\/v2\/posts\/69\/revisions"}],"wp:attachment":[{"href":"https:\/\/web-france.eu\/index.php\/wp-json\/wp\/v2\/media?parent=69"}],"wp:term":[{"taxonomy":"category","embeddable":true,"href":"https:\/\/web-france.eu\/index.php\/wp-json\/wp\/v2\/categories?post=69"},{"taxonomy":"post_tag","embeddable":true,"href":"https:\/\/web-france.eu\/index.php\/wp-json\/wp\/v2\/tags?post=69"}],"curies":[{"name":"wp","href":"https:\/\/api.w.org\/{rel}","templated":true}]}}