{"id":297,"date":"2017-08-14T12:10:09","date_gmt":"2017-08-14T11:10:09","guid":{"rendered":"http:\/\/master-gestion.net\/wp\/?p=297"},"modified":"2017-08-14T12:10:09","modified_gmt":"2017-08-14T11:10:09","slug":"plan-comptable","status":"publish","type":"post","link":"https:\/\/web-france.eu\/index.php\/2017\/08\/14\/plan-comptable\/","title":{"rendered":"Plan comptable"},"content":{"rendered":"<p style=\"text-align: center;\"><span style=\"font-size: 14pt; color: #ff0000;\"><strong>R\u00c8GLEMENT ANC N\u00b0 2014-03<\/strong><\/span><\/p>\n<p style=\"text-align: center;\"><span style=\"font-size: 14pt; color: #ff0000;\"><strong>VERSION CONSOLID\u00c9E <\/strong>\u00a0<strong>AU 1<sup>ER<\/sup> JANVIER 2016<\/strong><\/span><\/p>\n<p style=\"text-align: justify;\"><strong>Titre VII \u2013 Comptabilisation et \u00e9valuation des op\u00e9rations de fusions et op\u00e9rations assimil\u00e9es <\/strong><strong>\u00a0<\/strong><\/p>\n<p style=\"text-align: justify;\"><strong>Chapitre I \u2013 Champ d\u2019application <\/strong><strong>\u00a0<\/strong><\/p>\n<p style=\"text-align: justify;\"><strong>Art. 710-1 <\/strong><\/p>\n<p style=\"text-align: justify;\">Le pr\u00e9sent titre s\u2019applique \u00e0 la comptabilisation dans les comptes individuels, de toutes les op\u00e9rations de fusions et op\u00e9rations assimil\u00e9es r\u00e9mun\u00e9r\u00e9es par des titres et retrac\u00e9es dans un trait\u00e9 d\u2019apport pr\u00e9vu \u00e0 l\u2019article L 236-6 du code de commerce.<\/p>\n<ul>\n<li style=\"text-align: justify;\">Fusion de soci\u00e9t\u00e9s : op\u00e9ration ainsi d\u00e9finie \u00e0 l\u2019article L. 236-1 alin\u00e9a 1er du code de commerce \u00ab une ou plusieurs soci\u00e9t\u00e9s peuvent, par voie de fusion, transmettre leur patrimoine \u00e0 une soci\u00e9t\u00e9 existante ou \u00e0 une nouvelle soci\u00e9t\u00e9 qu\u2019elles constituent \u00bb. La fusion est une op\u00e9ration par laquelle une soci\u00e9t\u00e9 dispara\u00eet, soit lors de son absorption par une autre soci\u00e9t\u00e9 (fusion absorption), soit parce qu\u2019elle participe avec d\u2019autres personnes morales \u00e0 la constitution d\u2019une nouvelle soci\u00e9t\u00e9 (fusion par constitution d\u2019une nouvelle soci\u00e9t\u00e9).<\/li>\n<li style=\"text-align: justify;\">Fusion simplifi\u00e9e : op\u00e9ration correspondant \u00e0 l\u2019absorption par une soci\u00e9t\u00e9, d\u2019une ou plusieurs de ses filiales d\u00e9tenues \u00e0 100%.<\/li>\n<li style=\"text-align: justify;\">Apport partiel d\u2019actifs constituant une branche d\u2019activit\u00e9 : op\u00e9ration par laquelle une soci\u00e9t\u00e9 apporte un ensemble d\u2019actifs et de passifs constituant une branche autonome, \u00e0 une autre personne morale et re\u00e7oit en \u00e9change des titres remis par la soci\u00e9t\u00e9 b\u00e9n\u00e9ficiaire des apports.<\/li>\n<\/ul>\n<p style=\"text-align: justify;\">Les apports de titres de participation repr\u00e9sentatifs du contr\u00f4le (cf. art. 741-1 et 741-2) de cette participation sont assimil\u00e9s \u00e0 des apports partiels d\u2019actifs constituant une branche d\u2019activit\u00e9 et entrent dans le champ d\u2019application du pr\u00e9sent titre. Les autres apports de titres sont \u00e9valu\u00e9s \u00e0 la valeur v\u00e9nale.<\/p>\n<p style=\"text-align: justify;\">Les apports d\u2019actifs isol\u00e9s exclus du champ d\u2019application du pr\u00e9sent titre sont \u00e9valu\u00e9s comme des \u00e9changes \u00e0 la valeur v\u00e9nale.<\/p>\n<ul>\n<li style=\"text-align: justify;\">Scission de soci\u00e9t\u00e9s : op\u00e9ration d\u00e9finie \u00e0 l\u2019article L 236-1 alin\u00e9a 2 du code de commerce comme une transmission du patrimoine d\u2019une soci\u00e9t\u00e9 \u00ab \u00e0 plusieurs soci\u00e9t\u00e9s \u00bb.<\/li>\n<li style=\"text-align: justify;\">Confusion de patrimoine : cette op\u00e9ration vis\u00e9e \u00e0 l\u2019article 1844-5 du code civil conduit \u00e0 la dissolution d\u2019une soci\u00e9t\u00e9 dont toutes les parts sont r\u00e9unies en une seule main et entra\u00eene la transmission universelle de son patrimoine \u00e0 l\u2019associ\u00e9 unique, sans qu\u2019il y ait lieu \u00e0 liquidation. Bien qu\u2019un trait\u00e9 d\u2019apport ne soit pas express\u00e9ment pr\u00e9vu pour ces op\u00e9rations, elles doivent suivre le m\u00eame traitement comptable (cf. Chap. VII du pr\u00e9sent titre).<\/li>\n<\/ul>\n<p style=\"text-align: justify;\"><strong>Chapitre II \u2013 Principe d\u2019inscription des apports dans les comptes de la soci\u00e9t\u00e9 b\u00e9n\u00e9ficiaire <\/strong><strong>\u00a0<\/strong><\/p>\n<p style=\"text-align: justify;\"><strong>Art. 720-1 <\/strong><\/p>\n<p style=\"text-align: justify;\">Les apports sont inscrits dans les comptes de la soci\u00e9t\u00e9 b\u00e9n\u00e9ficiaire pour les valeurs figurant dans le trait\u00e9 d\u2019apport. Ces valeurs sont d\u00e9termin\u00e9es selon les modalit\u00e9s expos\u00e9es aux articles 743-1 et 744-1 \u00e0 744-3.<\/p>\n<p style=\"text-align: justify;\"><strong>Chapitre III \u2013 D\u00e9finitions <\/strong><\/p>\n<p style=\"text-align: justify;\"><strong>Art. 730-1 <\/strong><\/p>\n<p style=\"text-align: justify;\">La soci\u00e9t\u00e9 absorbante ou soci\u00e9t\u00e9 b\u00e9n\u00e9ficiaire des apports est la soci\u00e9t\u00e9 qui re\u00e7oit les apports en vertu du trait\u00e9 d\u2019apport et qui remet des titres en r\u00e9mun\u00e9ration desdits apports.<\/p>\n<p style=\"text-align: justify;\">La soci\u00e9t\u00e9 absorb\u00e9e ou soci\u00e9t\u00e9 apporteuse est la soci\u00e9t\u00e9 qui transf\u00e8re \u00e0 la soci\u00e9t\u00e9 absorbante ou \u00e0 la b\u00e9n\u00e9ficiaire des apports, les actifs et les passifs mentionn\u00e9s dans le trait\u00e9 d\u2019apport.<\/p>\n<p style=\"text-align: justify;\">La soci\u00e9t\u00e9 initiatrice est la soci\u00e9t\u00e9 qui, d\u2019un point de vue \u00e9conomique, prend l\u2019initiative des op\u00e9rations et prend le contr\u00f4le :<\/p>\n<ul>\n<li style=\"text-align: justify;\">du capital d\u2019une autre soci\u00e9t\u00e9 ou renforce son contr\u00f4le sur celui-ci ;<\/li>\n<li style=\"text-align: justify;\">d\u2019une branche d\u2019activit\u00e9 apport\u00e9e par une autre soci\u00e9t\u00e9.<\/li>\n<\/ul>\n<p style=\"text-align: justify;\">La soci\u00e9t\u00e9 cible est la soci\u00e9t\u00e9 (ou branche d\u2019activit\u00e9) qui d\u2019un point de vue \u00e9conomique, passe sous le contr\u00f4le de la soci\u00e9t\u00e9 initiatrice, ou dont le contr\u00f4le est renforc\u00e9.<\/p>\n<p style=\"text-align: justify;\"><strong>Chapitre IV &#8211; M\u00e9thodologie d\u2019\u00e9valuation des apports<\/strong><\/p>\n<p style=\"text-align: justify;\"><strong>Art. 740-1 <\/strong><\/p>\n<p style=\"text-align: justify;\">Les pr\u00e9sentes dispositions concernent les modalit\u00e9s d\u2019\u00e9valuation des apports et ne visent pas celles retenues pour le calcul de la parit\u00e9.<\/p>\n<p style=\"text-align: justify;\">Les apports sont \u00e9valu\u00e9s \u00e0 la valeur comptable ou \u00e0 la valeur r\u00e9elle, selon la situation de contr\u00f4le au moment de l\u2019op\u00e9ration et le sens de l\u2019op\u00e9ration.<\/p>\n<p style=\"text-align: justify;\"><strong>Section 1 &#8211; Analyse de la situation de contr\u00f4le au moment de l\u2019op\u00e9ration <\/strong><\/p>\n<p style=\"text-align: justify;\"><strong>Art. 741-1 <\/strong><\/p>\n<p style=\"text-align: justify;\">Pour chaque op\u00e9ration (qui ne peut concerner que des personnes morales), il convient de d\u00e9terminer s\u2019il s\u2019agit :<\/p>\n<ul>\n<li style=\"text-align: justify;\">d\u2019op\u00e9rations impliquant des soci\u00e9t\u00e9s sous contr\u00f4le commun, i.e. une des soci\u00e9t\u00e9s participant \u00e0 l\u2019op\u00e9ration contr\u00f4le pr\u00e9alablement l\u2019autre ou les deux soci\u00e9t\u00e9s sont pr\u00e9alablement sous le contr\u00f4le d\u2019une m\u00eame soci\u00e9t\u00e9-m\u00e8re ;<\/li>\n<li style=\"text-align: justify;\">d\u2019op\u00e9rations impliquant des soci\u00e9t\u00e9s sous contr\u00f4le distinct, i.e. aucune des soci\u00e9t\u00e9s participant \u00e0 l\u2019op\u00e9ration ne contr\u00f4le pr\u00e9alablement l\u2019autre ou ces soci\u00e9t\u00e9s ne sont pas pr\u00e9alablement sous le contr\u00f4le d\u2019une m\u00eame soci\u00e9t\u00e9-m\u00e8re.<\/li>\n<\/ul>\n<p style=\"text-align: justify;\">En cas de filialisation d\u2019une branche d\u2019activit\u00e9 appel\u00e9e \u00e0 \u00eatre c\u00e9d\u00e9e \u00e0 une soci\u00e9t\u00e9 sous contr\u00f4le distinct, la notion d\u2019op\u00e9ration doit \u00eatre analys\u00e9e en tenant compte de l\u2019objectif de cession qui pr\u00e9side \u00e0 la filialisation. Cet objectif se mat\u00e9rialise par l\u2019existence d\u2019un engagement pr\u00e9alable de cession ou d\u2019introduction en bourse en vigueur lors de la filialisation, conduisant \u00e0 une perte de contr\u00f4le et mentionn\u00e9 explicitement dans le trait\u00e9 d\u2019apport.<\/p>\n<p style=\"text-align: justify;\"><strong>Art. 741-2 <\/strong><\/p>\n<p style=\"text-align: justify;\">La notion de contr\u00f4le d\u2019une soci\u00e9t\u00e9 est d\u00e9finie au \u00a7 1002 pour le contr\u00f4le exclusif et au \u00a7 1003 pour le contr\u00f4le conjoint du r\u00e8glement n\u00b0 99-02 du CRC relatif aux comptes consolid\u00e9s des soci\u00e9t\u00e9s commerciales et entreprises publiques modifi\u00e9 par le r\u00e8glement n\u00b02004-03. Ces r\u00e8gles sont reprises par le r\u00e8glement n\u00b0 99-07 relatif aux r\u00e8gles de consolidation des entreprises relevant du Comit\u00e9 de la r\u00e9glementation bancaire et financi\u00e8re modifi\u00e9 par le r\u00e8glement n\u00b0 2004-04 et le r\u00e8glement n\u00b0 2000-05 relatif aux r\u00e8gles de consolidation et de combinaison des entreprises r\u00e9gies par le code des assurances et des institutions de pr\u00e9voyance r\u00e9gies par le code de la s\u00e9curit\u00e9 sociale ou par le code rural modifi\u00e9 par le r\u00e8glement n\u00b0 2004-05.<\/p>\n<p style=\"text-align: justify;\">Pour les r\u00e9seaux d\u2019\u00e9tablissement de cr\u00e9dit dot\u00e9s d\u2019un organe central, au sens de l\u2019article L. 511-31 du code mon\u00e9taire et financier, le contr\u00f4le doit \u00e9galement s\u2019appr\u00e9cier au regard des dispositions du \u00a71001 et du \u00a7 1003 du r\u00e8glement n\u00b099-07 susvis\u00e9.<\/p>\n<p style=\"text-align: justify;\">\u00ab Le contr\u00f4le exclusif est le pouvoir de diriger les politiques financi\u00e8re et op\u00e9rationnelle d\u2019une entreprise afin de tirer avantage de ses activit\u00e9s. Il r\u00e9sulte :<\/p>\n<ul>\n<li style=\"text-align: justify;\">soit de la d\u00e9tention directe ou indirecte de la majorit\u00e9 des droits de vote dans une autre entreprise ;<\/li>\n<li style=\"text-align: justify;\">soit de la d\u00e9signation, pendant deux exercices successifs de la majorit\u00e9 des membres des organes d&rsquo;administration, de direction ou de surveillance d\u2019une autre entreprise ; l&rsquo;entreprise consolidante est pr\u00e9sum\u00e9e avoir effectu\u00e9 cette d\u00e9signation lorsqu&rsquo;elle a dispos\u00e9, au cours de cette p\u00e9riode, directement ou indirectement, d&rsquo;une fraction sup\u00e9rieure \u00e0 quarante pour cent des droits de vote et qu&rsquo;aucun autre associ\u00e9 ou actionnaire ne d\u00e9tenait, directement ou indirectement, une fraction sup\u00e9rieure \u00e0 la sienne ;<\/li>\n<li style=\"text-align: justify;\">soit du droit d\u2019exercer une influence dominante sur une entreprise en vertu d\u2019un contrat ou de clauses statutaires, lorsque le droit applicable le permet. L\u2019influence dominante existe d\u00e8s lors que, dans les conditions d\u00e9crites ci-dessus, l&rsquo;entreprise consolidante a la possibilit\u00e9 d&rsquo;utiliser ou d&rsquo;orienter l&rsquo;utilisation des actifs de la m\u00eame fa\u00e7on qu\u2019elle contr\u00f4le ses propres actifs \u00bb.<\/li>\n<\/ul>\n<p style=\"text-align: justify;\">En cas d\u2019op\u00e9ration de fusion ou assimil\u00e9e entre deux soci\u00e9t\u00e9s sous contr\u00f4le conjoint, il convient de faire une distinction entre la situation de contr\u00f4le avant et apr\u00e8s la fusion :<\/p>\n<ul>\n<li style=\"text-align: justify;\">S\u2019il y a modification du contr\u00f4le, c\u2019est-\u00e0-dire passage d\u2019une situation de contr\u00f4le conjoint \u00e0 une situation de contr\u00f4le exclusif, avec prise de contr\u00f4le exclusif par l\u2019une des soci\u00e9t\u00e9s, les apports doivent \u00eatre \u00e9valu\u00e9s \u00e0 la valeur r\u00e9elle en raison de la prise de contr\u00f4le ;<\/li>\n<li style=\"text-align: justify;\">Si le contr\u00f4le reste conjoint, c\u2019est-\u00e0-dire qu\u2019apr\u00e8s l\u2019op\u00e9ration, la soci\u00e9t\u00e9 issue de la fusion ou les soci\u00e9t\u00e9s en cas d\u2019apports partiels d\u2019actifs sont dans la m\u00eame situation de contr\u00f4le conjoint qu\u2019avant l\u2019op\u00e9ration, les apports doivent \u00eatre \u00e9valu\u00e9s \u00e0 la valeur comptable car cette op\u00e9ration correspond \u00e0 une simple restructuration interne \u00bb.<\/li>\n<\/ul>\n<p style=\"text-align: justify;\"><strong>Section 2 &#8211; D\u00e9termination du sens des op\u00e9rations <\/strong><\/p>\n<p style=\"text-align: justify;\"><strong>Sous-section 1 &#8211; Op\u00e9rations \u00e0 l\u2019endroit <\/strong><\/p>\n<p style=\"text-align: justify;\"><strong>Art. 742-1 <\/strong><\/p>\n<p style=\"text-align: justify;\">Fusion \u00e0 l\u2019endroit : apr\u00e8s la fusion, l\u2019actionnaire principal de l\u2019absorbante, bien que dilu\u00e9 (sauf dans les cas de fusion simplifi\u00e9e), conserve son pouvoir de contr\u00f4le sur celle-ci :<\/p>\n<ul>\n<li style=\"text-align: justify;\">la cible est la soci\u00e9t\u00e9 absorb\u00e9e ;<\/li>\n<li style=\"text-align: justify;\">l\u2019initiatrice est la soci\u00e9t\u00e9 absorbante ou l\u2019une de ses filiales.<\/li>\n<\/ul>\n<p style=\"text-align: justify;\">Apport \u00e0 l\u2019endroit : apr\u00e8s l\u2019apport, l\u2019actionnaire principal de la soci\u00e9t\u00e9 b\u00e9n\u00e9ficiaire des apports, bien que dilu\u00e9, conserve son pouvoir de contr\u00f4le sur celle-ci :<\/p>\n<ul>\n<li style=\"text-align: justify;\">la cible est la soci\u00e9t\u00e9 dont une branche d\u2019activit\u00e9 est apport\u00e9e ;<\/li>\n<li style=\"text-align: justify;\">l\u2019initiatrice est la soci\u00e9t\u00e9 b\u00e9n\u00e9ficiaire des apports ou l\u2019une de ses filiales.<\/li>\n<\/ul>\n<p style=\"text-align: justify;\"><strong>Sous-section 2 &#8211; Op\u00e9rations \u00e0 l\u2019envers <\/strong><\/p>\n<p style=\"text-align: justify;\"><strong>Art. 742-2 <\/strong><\/p>\n<p style=\"text-align: justify;\">Fusion \u00e0 l\u2019envers : apr\u00e8s la fusion, l\u2019actionnaire principal de l\u2019absorb\u00e9e prend le contr\u00f4le de l\u2019absorbante :<\/p>\n<ul>\n<li style=\"text-align: justify;\">la cible est la soci\u00e9t\u00e9 absorbante ;<\/li>\n<li style=\"text-align: justify;\">l\u2019initiatrice est la soci\u00e9t\u00e9 absorb\u00e9e ou sa soci\u00e9t\u00e9 m\u00e8re.<\/li>\n<\/ul>\n<p style=\"text-align: justify;\">Apport \u00e0 l\u2019envers : apr\u00e8s l\u2019apport, la soci\u00e9t\u00e9 apporteuse prend le contr\u00f4le de la soci\u00e9t\u00e9 b\u00e9n\u00e9ficiaire des apports, ou renforce son contr\u00f4le sur celle-ci :<\/p>\n<ul>\n<li style=\"text-align: justify;\">la cible est la soci\u00e9t\u00e9 b\u00e9n\u00e9ficiaire des apports ;<\/li>\n<li style=\"text-align: justify;\">l\u2019initiatrice est la soci\u00e9t\u00e9 apporteuse ou sa soci\u00e9t\u00e9 m\u00e8re.<\/li>\n<\/ul>\n<p style=\"text-align: justify;\"><strong>Section 3 &#8211; Principe de d\u00e9termination de la valeur d\u2019apport <\/strong><\/p>\n<p style=\"text-align: justify;\"><strong>Art. 743-1 <\/strong><\/p>\n<p style=\"text-align: justify;\">Les apports sont \u00e9valu\u00e9s comme suit en fonction de la situation de la soci\u00e9t\u00e9 absorbante ou de la b\u00e9n\u00e9ficiaire des apports et de l\u2019existence ou non d\u2019un contr\u00f4le commun entre les soci\u00e9t\u00e9s participant \u00e0 l\u2019op\u00e9ration :<\/p>\n<ul>\n<li style=\"text-align: justify;\">Apports \u00e9valu\u00e9s \u00e0 la valeur comptable<\/li>\n<\/ul>\n<p style=\"text-align: justify;\">&#8211; (1) et (2). Op\u00e9rations \u00e0 l\u2019endroit ou \u00e0 l\u2019envers impliquant des soci\u00e9t\u00e9s sous contr\u00f4le commun. Avant l\u2019op\u00e9ration, la situation de contr\u00f4le est d\u00e9j\u00e0 \u00e9tablie entre la soci\u00e9t\u00e9 initiatrice et la soci\u00e9t\u00e9 cible. L\u2019op\u00e9ration de regroupement correspond donc \u00e0 un renforcement de contr\u00f4le ou \u00e0 un maintien de contr\u00f4le (cas des fusions simplifi\u00e9es et des op\u00e9rations de transmission universelle de patrimoine) et, dans la logique des comptes consolid\u00e9s, il convient de ne pas r\u00e9\u00e9valuer l\u2019ensemble des actifs et passifs apport\u00e9s.<\/p>\n<p style=\"text-align: justify;\">&#8211; (3). Op\u00e9rations \u00e0 l\u2019envers impliquant des soci\u00e9t\u00e9s sous contr\u00f4le distinct. Compte tenu des contraintes l\u00e9gales, les actifs et passifs de la cible (correspondant \u00e0 l\u2019absorbante ou \u00e0 la b\u00e9n\u00e9ficiaire des apports) ne peuvent pas \u00eatre comptabilis\u00e9s \u00e0 leur valeur r\u00e9elle parce qu\u2019ils ne figurent pas dans le trait\u00e9 d\u2019apport. En effet, les actifs et les passifs figurant dans le trait\u00e9 d\u2019apport sont ceux de la soci\u00e9t\u00e9 initiatrice ; ils n\u2019ont pas \u00e0 \u00eatre r\u00e9\u00e9valu\u00e9s.<\/p>\n<ul>\n<li style=\"text-align: justify;\">Apports \u00e9valu\u00e9s \u00e0 la valeur r\u00e9elle<\/li>\n<\/ul>\n<p style=\"text-align: justify;\">(4). Op\u00e9rations \u00e0 l\u2019endroit impliquant des soci\u00e9t\u00e9s sous contr\u00f4le distinct. Avant l\u2019op\u00e9ration, la situation de contr\u00f4le n\u2019est pas \u00e9tablie entre la soci\u00e9t\u00e9 initiatrice et la soci\u00e9t\u00e9 cible. L\u2019op\u00e9ration de regroupement correspond donc \u00e0 une prise de contr\u00f4le et dans la logique des comptes consolid\u00e9s, il convient de traiter cette op\u00e9ration comme une acquisition \u00e0 la valeur r\u00e9elle. Cette analyse s\u2019applique \u00e9galement aux op\u00e9rations de filialisation suivies d\u2019une cession \u00e0 une soci\u00e9t\u00e9 sous contr\u00f4le distinct (cf. art. 741-1). Si la cession ne se r\u00e9alise pas selon les modalit\u00e9s initialement pr\u00e9vues, la condition r\u00e9solutoire mentionn\u00e9e dans le trait\u00e9 d\u2019apport s\u2019applique. Il convient alors d\u2019analyser \u00e0 nouveau l\u2019op\u00e9ration et de modifier les valeurs d\u2019apport. Pour ces op\u00e9rations, il est ainsi n\u00e9cessaire de mentionner, dans le trait\u00e9 d\u2019apport, \u00e0 la fois les valeurs comptables et les valeurs r\u00e9elles des actifs et passifs.<\/p>\n<table>\n<tbody>\n<tr>\n<td width=\"253\"><strong>Valorisation des apports<\/strong><\/p>\n<p><strong>Notion de contr\u00f4le<\/strong><\/td>\n<td style=\"text-align: center;\" width=\"208\"><strong>Valeur comptable<\/strong><\/td>\n<td style=\"text-align: center;\" width=\"180\"><strong>Valeur r\u00e9elle<\/strong><\/td>\n<\/tr>\n<tr>\n<td width=\"253\"><strong>Op\u00e9ration impliquant des soci\u00e9t\u00e9s sous contr\u00f4le commun<\/strong><\/p>\n<p>Op\u00e9rations \u00e0 l\u2019endroit (1)<\/p>\n<p>Op\u00e9rations \u00e0 l\u2019envers (2)<\/td>\n<td width=\"208\">&nbsp;<\/p>\n<p>&nbsp;<\/p>\n<p style=\"text-align: center;\">X<\/p>\n<p style=\"text-align: center;\">X<\/p>\n<\/td>\n<td width=\"180\"><\/td>\n<\/tr>\n<tr>\n<td width=\"253\"><strong>Op\u00e9rations impliquant des soci\u00e9t\u00e9s sous contr\u00f4le distinct<\/strong><\/p>\n<p>Op\u00e9rations \u00e0 l\u2019envers (3)<\/p>\n<p>Op\u00e9rations \u00e0 l\u2019endroit (4)<\/td>\n<td width=\"208\">&nbsp;<\/p>\n<p>&nbsp;<\/p>\n<p style=\"text-align: center;\">X<\/p>\n<\/td>\n<td width=\"180\">&nbsp;<\/p>\n<p>&nbsp;<\/p>\n<p>&nbsp;<\/p>\n<p style=\"text-align: center;\">X<\/p>\n<\/td>\n<\/tr>\n<\/tbody>\n<\/table>\n<p style=\"text-align: justify;\">(1), (2), (3) et (4) voir ci-avant<\/p>\n<p style=\"text-align: justify;\">Par d\u00e9rogation, lorsque les apports doivent \u00eatre \u00e9valu\u00e9s \u00e0 la valeur nette comptable en application des r\u00e8gles expos\u00e9es ci-dessus, et que l&rsquo;actif net comptable apport\u00e9 est insuffisant pour permettre la lib\u00e9ration du capital, les valeurs r\u00e9elles des \u00e9l\u00e9ments apport\u00e9s doivent \u00eatre retenues. Cette d\u00e9rogation ne s\u2019applique qu\u2019au seul cas d\u2019apport \u00e0 une soci\u00e9t\u00e9 ayant une activit\u00e9 pr\u00e9existante, et ne peut pas s\u2019appliquer en cas de cr\u00e9ation ex-nihilo d\u2019une soci\u00e9t\u00e9 ni en cas d\u2019am\u00e9nagement d\u2019une soci\u00e9t\u00e9 pr\u00e9existante. Par ailleurs, cette d\u00e9rogation ne peut s\u2019appliquer ni aux op\u00e9rations de dissolution par confusion de patrimoine ni aux fusions simplifi\u00e9es.<\/p>\n<p style=\"text-align: justify;\"><strong>Section 4 &#8211; D\u00e9termination des valeurs individuelles des apports <\/strong><\/p>\n<p style=\"text-align: justify;\"><strong>Sous-section 1 \u2013 D\u00e9termination des apports \u00e0 la valeur r\u00e9elle <\/strong><\/p>\n<p style=\"text-align: justify;\"><strong>Art. 744-1 <\/strong><\/p>\n<p style=\"text-align: justify;\">Lorsque les apports sont \u00e9valu\u00e9s \u00e0 la valeur r\u00e9elle, les valeurs individuelles des actifs et passifs apport\u00e9s correspondent aux valeurs r\u00e9elles attribu\u00e9es \u00e0 chacun des \u00e9l\u00e9ments inscrits dans le trait\u00e9 d\u2019apport, figurant ou non \u00e0 l\u2019actif (par exemple les marques ou les imp\u00f4ts diff\u00e9r\u00e9s actifs) ou au passif (par exemple les provisions pour retraites ou les imp\u00f4ts diff\u00e9r\u00e9s passifs) du bilan de l\u2019absorb\u00e9e ou de la soci\u00e9t\u00e9 apporteuse \u00e0 la date de l\u2019op\u00e9ration. Ces valeurs s\u2019appr\u00e9cient en fonction du march\u00e9 et de l\u2019utilit\u00e9 du bien pour la soci\u00e9t\u00e9. Pour l\u2019\u00e9tablissement de ces valeurs, la soci\u00e9t\u00e9 utilise les r\u00e9f\u00e9rences ou les techniques les mieux adapt\u00e9es \u00e0 la nature du bien, telles que les prix de march\u00e9, les indices sp\u00e9cifiques et des expertises ind\u00e9pendantes.<\/p>\n<p style=\"text-align: justify;\">La diff\u00e9rence \u00e9ventuelle entre la valeur globale des apports et la somme alg\u00e9brique des valeurs r\u00e9elles des actifs et passifs identifi\u00e9s, est \u00e9galement inscrite dans le trait\u00e9 d\u2019apport ou autre document faisant foi, sur une ligne \u00ab\u00a0fonds commercial\u00a0\u00bb, reprise comme telle au bilan de la soci\u00e9t\u00e9 b\u00e9n\u00e9ficiaire.<\/p>\n<p style=\"text-align: justify;\">Le traitement ult\u00e9rieur des \u00e9l\u00e9ments ne figurant pas dans les comptes de l\u2019absorb\u00e9e (par exemple provisions pour retraites, actifs et passifs d\u2019imp\u00f4ts diff\u00e9r\u00e9s) est analogue \u00e0 celui pr\u00e9vu au dernier alin\u00e9a du paragraphe 21123 \u00ab Suivi ult\u00e9rieur des valeurs d\u2019entr\u00e9e \u00bb des r\u00e8glements n\u00b0 99-02, n\u00b0 99-07 et n\u00b0 2000-05 du CRC.<\/p>\n<p style=\"text-align: justify;\"><strong>Sous-section 2 \u2013 D\u00e9termination des apports \u00e0 la valeur comptable <\/strong><\/p>\n<p style=\"text-align: justify;\"><strong>Art. 744-2 <\/strong><\/p>\n<p style=\"text-align: justify;\">Lorsque les apports sont \u00e9valu\u00e9s \u00e0 la valeur comptable, les valeurs comptables individuelles des actifs et passifs apport\u00e9s correspondent aux valeurs de chaque actif et passif figurant dans les comptes de l\u2019absorb\u00e9e ou de la soci\u00e9t\u00e9 apporteuse \u00e0 la date d&rsquo;effet de l\u2019op\u00e9ration.<\/p>\n<p style=\"text-align: justify;\"><strong>Art. 744-3 <\/strong><\/p>\n<p style=\"text-align: justify;\">Le co\u00fbt d\u2019entr\u00e9e des titres re\u00e7us en contrepartie d\u2019un apport partiel d\u2019actif par la soci\u00e9t\u00e9 apporteuse, doit \u00eatre \u00e9gal \u00e0 la valeur des apports retenue dans le trait\u00e9 d\u2019apport.<\/p>\n<ul>\n<li style=\"text-align: justify;\">Les titres re\u00e7us en r\u00e9mun\u00e9ration par la soci\u00e9t\u00e9 apporteuse sont comptabilis\u00e9s \u00e0 la valeur comptable si les apports ont \u00e9t\u00e9 \u00e9valu\u00e9s \u00e0 la valeur comptable dans le trait\u00e9 d\u2019apport.<\/li>\n<li style=\"text-align: justify;\">Les titres re\u00e7us en r\u00e9mun\u00e9ration par la soci\u00e9t\u00e9 apporteuse sont comptabilis\u00e9s \u00e0 la valeur r\u00e9elle si les apports ont \u00e9t\u00e9 \u00e9valu\u00e9s \u00e0 la valeur r\u00e9elle dans le trait\u00e9 d\u2019apport.<\/li>\n<\/ul>\n<p style=\"text-align: justify;\"><strong>Section 5 &#8211; Traitement du boni et du mali de fusion <\/strong><\/p>\n<p style=\"text-align: justify;\"><strong>Art. 745-1 <\/strong><\/p>\n<p style=\"text-align: justify;\">Lorsque l\u2019entit\u00e9 absorbante a acquis des titres de l\u2019entit\u00e9 absorb\u00e9e ant\u00e9rieurement \u00e0 la date de l\u2019op\u00e9ration de fusion, un boni ou mali peut appara\u00eetre lors de l\u2019annulation de ces titres auxquels se substituent les actifs et passifs de l\u2019entit\u00e9 absorb\u00e9e.<\/p>\n<p style=\"text-align: justify;\"><strong>\u00a0<\/strong><strong>Sous-section 1 &#8211; Traitement du boni de fusion <\/strong><\/p>\n<p style=\"text-align: justify;\"><strong>Art. 745-2 <\/strong><\/p>\n<p style=\"text-align: justify;\">Le boni repr\u00e9sente l\u2019\u00e9cart positif entre l\u2019actif net positif re\u00e7u par l\u2019entit\u00e9 absorbante \u00e0 hauteur de sa participation dans l\u2019entit\u00e9 absorb\u00e9e et la valeur comptable de cette participation.<\/p>\n<p style=\"text-align: justify;\">Le boni est comptabilis\u00e9 dans le r\u00e9sultat financier \u00e0 hauteur de la quote-part des r\u00e9sultats accumul\u00e9s par l\u2019entit\u00e9 absorb\u00e9e depuis l\u2019acquisition et non distribu\u00e9s et dans les capitaux propres pour le montant r\u00e9siduel ou si les r\u00e9sultats accumul\u00e9s ne peuvent \u00eatre d\u00e9termin\u00e9s de mani\u00e8re fiable.<\/p>\n<p style=\"text-align: justify;\"><strong>Sous-section 2 &#8211; Traitement du mali pour les op\u00e9rations \u00e9valu\u00e9es \u00e0 la valeur comptable <\/strong><\/p>\n<p style=\"text-align: justify;\"><strong>Art. 745-3 <\/strong><\/p>\n<p style=\"text-align: justify;\">Le mali de fusion repr\u00e9sente l\u2019\u00e9cart n\u00e9gatif entre l\u2019actif net, positif ou n\u00e9gatif, re\u00e7u par l\u2019entit\u00e9 absorbante \u00e0 hauteur de sa participation dans l\u2019entit\u00e9 absorb\u00e9e et la valeur comptable de cette participation.<\/p>\n<p style=\"text-align: justify;\">Le cas \u00e9ch\u00e9ant, le mali est corrig\u00e9 des ajustements de prix sur les titres de participation, positifs ou n\u00e9gatifs, intervenus post\u00e9rieurement \u00e0 la fusion.<\/p>\n<p style=\"text-align: justify;\">Lorsqu\u2019une fusion a pour effet de transf\u00e9rer \u00e0 l\u2019entit\u00e9 absorbante ses propres titres, aucun mali de fusion n\u2019est constat\u00e9 sur l\u2019annulation de ces derniers.<\/p>\n<p style=\"text-align: justify;\"><strong>Art. 745-4 <\/strong><\/p>\n<p style=\"text-align: justify;\">Le mali de fusion peut, le cas \u00e9ch\u00e9ant, \u00eatre d\u00e9compos\u00e9 en deux \u00e9l\u00e9ments :<\/p>\n<ul>\n<li style=\"text-align: justify;\">le mali technique proprement dit, qui correspond, \u00e0 hauteur de la participation ant\u00e9rieurement d\u00e9tenue, aux plus-values latentes sur \u00e9l\u00e9ments d\u2019actif comptabilis\u00e9s ou non dans les comptes de l\u2019absorb\u00e9e (\u00e9l\u00e9ments d\u2019actifs identifi\u00e9s hors fonds commercial, fonds commercial) d\u00e9duction faite des passifs non comptabilis\u00e9s dans les comptes de l\u2019entit\u00e9 absorb\u00e9e en l\u2019absence d\u2019obligation comptable (par exemple provisions pour retraites, imp\u00f4ts diff\u00e9r\u00e9s passifs). Cette composante est g\u00e9n\u00e9ralement constat\u00e9e pour les fusions ou les op\u00e9rations de transmission universelle de patrimoine \u00e9valu\u00e9es \u00e0 la valeur comptable, lorsque la valeur nette des titres de l\u2019entit\u00e9 absorb\u00e9e figurant \u00e0 l\u2019actif de l\u2019entit\u00e9 absorbante est sup\u00e9rieure \u00e0 l\u2019actif net comptable apport\u00e9.<br \/>\nLes plus-values latentes sur \u00e9l\u00e9ments d\u2019actif destin\u00e9s \u00e0 \u00eatre revendus \u00e0 br\u00e8ve \u00e9ch\u00e9ance sont \u00e9valu\u00e9es nettes d\u2019imp\u00f4ts.<\/li>\n<li style=\"text-align: justify;\">au-del\u00e0 du mali technique, l\u2019\u00e9ventuelle d\u00e9pr\u00e9ciation ou l\u2019\u00e9ventuel compl\u00e9ment de d\u00e9pr\u00e9ciation de la participation d\u00e9tenue dans l\u2019entit\u00e9 absorb\u00e9e, n\u00e9cessaire au moment de la fusion. Cette d\u00e9pr\u00e9ciation ou ce compl\u00e9ment doivent \u00eatre comptabilis\u00e9s dans le r\u00e9sultat financier de l\u2019entit\u00e9 absorbante de l\u2019exercice au cours duquel l\u2019op\u00e9ration est r\u00e9alis\u00e9e.<\/li>\n<\/ul>\n<p style=\"text-align: justify;\"><strong>Art. 745-5 <\/strong><\/p>\n<p style=\"text-align: justify;\">A la date de l\u2019op\u00e9ration, l\u2019entit\u00e9 proc\u00e8de \u00e0 l\u2019affectation du mali technique, calcul\u00e9 selon les modalit\u00e9s pr\u00e9vues \u00e0 l\u2019article 745-4, aux diff\u00e9rents actifs apport\u00e9s concern\u00e9s et inscrits dans les comptes de l\u2019absorb\u00e9e, comme suit:<\/p>\n<ul>\n<li style=\"text-align: justify;\">Si le mali technique est sup\u00e9rieur \u00e0 la somme des plus-values latentes, estim\u00e9es de mani\u00e8re fiable, sur les \u00e9l\u00e9ments d\u2019actifs identifi\u00e9s hors fonds commercial, il est affect\u00e9 aux actifs apport\u00e9s et le montant r\u00e9siduel au fonds commercial ;<\/li>\n<li style=\"text-align: justify;\">Si le mali technique est inf\u00e9rieur \u00e0 la somme des plus-values latentes, estim\u00e9es de mani\u00e8re fiable, sur les \u00e9l\u00e9ments d\u2019actifs identifi\u00e9s hors fonds commercial, il est affect\u00e9 aux actifs apport\u00e9s au prorata des plus-values latentes.<\/li>\n<\/ul>\n<p style=\"text-align: justify;\"><strong>Art. 745-6 <\/strong><\/p>\n<p style=\"text-align: justify;\">A la date de l\u2019op\u00e9ration, l\u2019entit\u00e9 absorbante comptabilise le mali technique dans un compte sp\u00e9cifique par cat\u00e9gorie d\u2019actif concern\u00e9 apr\u00e8s son affectation.<\/p>\n<p style=\"text-align: justify;\"><strong>Art. 745-7 <\/strong><\/p>\n<p style=\"text-align: justify;\">Le mali technique est amorti ou rapport\u00e9 au r\u00e9sultat selon les m\u00eames r\u00e8gles et dans les m\u00eames conditions que les actifs sous-jacents auquel il est affect\u00e9.<\/p>\n<p style=\"text-align: justify;\"><strong>Art. 745-8 <\/strong><\/p>\n<p style=\"text-align: justify;\">Conform\u00e9ment \u00e0 l\u2019article 214-15, chaque quote-part du mali affect\u00e9 \u00e0 un actif sous-jacent subit une d\u00e9pr\u00e9ciation lorsque la valeur actuelle de l\u2019actif sous-jacent devient inf\u00e9rieure \u00e0 sa valeur nette comptable, major\u00e9e de la quote-part de mali affect\u00e9e. La d\u00e9pr\u00e9ciation est imput\u00e9e en priorit\u00e9 sur la quote-part du mali technique.<\/p>\n<p style=\"text-align: justify;\">Le mali technique r\u00e9siduel affect\u00e9 au fonds commercial suit les r\u00e8gles de d\u00e9pr\u00e9ciation applicables aux fonds commerciaux. S\u2019il fait l\u2019objet d\u2019une d\u00e9pr\u00e9ciation comptabilis\u00e9 en conformit\u00e9 avec l\u2019article 214-17, aucune reprise de d\u00e9pr\u00e9ciation n\u2019est possible.<\/p>\n<p style=\"text-align: justify;\"><strong>Art. 745-9 <\/strong><\/p>\n<p style=\"text-align: justify;\">Les amortissements et d\u00e9pr\u00e9ciations sont comptabilis\u00e9s dans des comptes sp\u00e9cifiques par cat\u00e9gorie d\u2019actif concern\u00e9.<\/p>\n<p style=\"text-align: justify;\"><strong>Art. 745-10 <\/strong><\/p>\n<p style=\"text-align: justify;\">En cas de cession, d\u2019apport ou de toute autre op\u00e9ration relative \u00e0 l\u2019actif sous-jacent auquel le mali est affect\u00e9, ce dernier suit le m\u00eame traitement que l\u2019actif sous-jacent.<\/p>\n","protected":false},"excerpt":{"rendered":"<p>R\u00c8GLEMENT ANC N\u00b0 2014-03 VERSION CONSOLID\u00c9E \u00a0AU 1ER JANVIER 2016 Titre VII \u2013 Comptabilisation et \u00e9valuation des op\u00e9rations de fusions et op\u00e9rations assimil\u00e9es \u00a0 Chapitre I \u2013 Champ d\u2019application \u00a0 Art. 710-1 Le pr\u00e9sent titre s\u2019applique \u00e0 la comptabilisation dans &hellip; <a href=\"https:\/\/web-france.eu\/index.php\/2017\/08\/14\/plan-comptable\/\">Continuer la lecture <span class=\"meta-nav\">&rarr;<\/span><\/a> <a href=\"https:\/\/web-france.eu\/index.php\/2017\/08\/14\/plan-comptable\/\">Continuer la lecture <span class=\"meta-nav\">&rarr;<\/span><\/a><\/p>\n","protected":false},"author":1,"featured_media":0,"comment_status":"closed","ping_status":"open","sticky":false,"template":"","format":"standard","meta":{"footnotes":""},"categories":[1],"tags":[],"_links":{"self":[{"href":"https:\/\/web-france.eu\/index.php\/wp-json\/wp\/v2\/posts\/297"}],"collection":[{"href":"https:\/\/web-france.eu\/index.php\/wp-json\/wp\/v2\/posts"}],"about":[{"href":"https:\/\/web-france.eu\/index.php\/wp-json\/wp\/v2\/types\/post"}],"author":[{"embeddable":true,"href":"https:\/\/web-france.eu\/index.php\/wp-json\/wp\/v2\/users\/1"}],"replies":[{"embeddable":true,"href":"https:\/\/web-france.eu\/index.php\/wp-json\/wp\/v2\/comments?post=297"}],"version-history":[{"count":1,"href":"https:\/\/web-france.eu\/index.php\/wp-json\/wp\/v2\/posts\/297\/revisions"}],"predecessor-version":[{"id":710,"href":"https:\/\/web-france.eu\/index.php\/wp-json\/wp\/v2\/posts\/297\/revisions\/710"}],"wp:attachment":[{"href":"https:\/\/web-france.eu\/index.php\/wp-json\/wp\/v2\/media?parent=297"}],"wp:term":[{"taxonomy":"category","embeddable":true,"href":"https:\/\/web-france.eu\/index.php\/wp-json\/wp\/v2\/categories?post=297"},{"taxonomy":"post_tag","embeddable":true,"href":"https:\/\/web-france.eu\/index.php\/wp-json\/wp\/v2\/tags?post=297"}],"curies":[{"name":"wp","href":"https:\/\/api.w.org\/{rel}","templated":true}]}}