{"id":170,"date":"2025-03-12T08:30:08","date_gmt":"2025-03-12T07:30:08","guid":{"rendered":"http:\/\/master-gestion.net\/wp\/?p=170"},"modified":"2025-03-13T08:30:57","modified_gmt":"2025-03-13T07:30:57","slug":"regimes-dimposition","status":"publish","type":"post","link":"https:\/\/web-france.eu\/index.php\/2025\/03\/12\/regimes-dimposition\/","title":{"rendered":"R\u00e9gimes d&rsquo;imposition"},"content":{"rendered":"<p>&nbsp;<\/p>\n<p style=\"text-align: justify;\"><strong>I\u00b0) Obligations<\/strong><\/p>\n<p style=\"text-align: justify;\">Tout assujetti doit d\u00e9clarer son existence au centre des imp\u00f4ts du lieu de son principal \u00e9tablissement. Un num\u00e9ro d&rsquo;identification intracommunautaire lui est attribu\u00e9. La comptabilit\u00e9 doit permettre de distinguer les op\u00e9rations imposables, selon leur taux et les op\u00e9rations non imposables. Quel que soit le r\u00e9gime de TVA, les redevables doivent observer les r\u00e8gles de facturation.<\/p>\n<p style=\"text-align: justify;\">La TVA ne peut \u00eatre d\u00e9duite par le client que si elle figure sur une facture en bonne et due forme. La facture est toujours obligatoire lorsqu&rsquo;il y a une vente entre deux assujettis (professionnels), elle ne l&rsquo;est pas lorsque le client est un particulier (sauf pour certains prestataires de services:\u00a0plombier, \u00e9lectricien etc.).<\/p>\n<p style=\"text-align: justify;\"><em>Obligations commerciales. <\/em>La facture est obligatoire pour tout achat de produits ou toute prestation de services r\u00e9alis\u00e9s pour une activit\u00e9 professionnelle (c. com. art. L. 441-3). Pour les contrats conclus depuis le 1<sup>er <\/sup>janvier 2009 (sauf accord d\u00e9rogatoire valid\u00e9 par d\u00e9cret), le d\u00e9lai maximal de r\u00e8glement est fix\u00e9 \u00e0 45 jours fin de mois ou 60 jours \u00e0 compter de la date de la facture (c. com. art. L. 441-6).<\/p>\n<p style=\"text-align: justify;\"><strong>II\u00b0) Les diff\u00e9rents r\u00e9gimes d&rsquo;imposition de TVA<br \/>\n<\/strong><\/p>\n<table width=\"666\">\n<tbody>\n<tr style=\"text-align: justify;\">\n<td width=\"163\"><strong>Entreprise<\/strong><\/td>\n<td width=\"175\"><strong>CA<\/strong><\/td>\n<td style=\"text-align: left;\" width=\"158\"><strong>De plein droit<\/strong><\/td>\n<td width=\"170\"><strong>Option<\/strong><\/td>\n<\/tr>\n<tr>\n<td rowspan=\"3\" width=\"163\">\n<p style=\"text-align: left;\">Ventes de marchandises \u00e0 emporter ou \u00e0 consommer sur place et fournitures de logements<\/p>\n<\/td>\n<td width=\"175\">&gt; 840 000<\/td>\n<td width=\"158\">R\u00e9el normal<\/td>\n<td width=\"170\"><\/td>\n<\/tr>\n<tr>\n<td width=\"175\">85 000<\/p>\n<p>\u2013 840 000<\/td>\n<td width=\"158\">R\u00e9el simplifi\u00e9<\/td>\n<td width=\"170\">R\u00e9el normal<\/td>\n<\/tr>\n<tr>\n<td width=\"175\">&lt; 85 000<\/td>\n<td style=\"text-align: left;\" width=\"158\">Franchise en base<\/td>\n<td width=\"170\">R\u00e9el normal ou simplifi\u00e9<\/td>\n<\/tr>\n<tr>\n<td style=\"text-align: left;\" rowspan=\"3\" width=\"163\">Autres activit\u00e9s et prestations de services<\/td>\n<td width=\"175\">&gt; 254 000<\/td>\n<td width=\"158\">R\u00e9el normal<\/td>\n<td width=\"170\"><\/td>\n<\/tr>\n<tr>\n<td width=\"175\">37 500<\/p>\n<p>\u2013 254 000<\/td>\n<td width=\"158\">R\u00e9el simplifi\u00e9<\/td>\n<td width=\"170\">r\u00e9el normal<\/td>\n<\/tr>\n<tr>\n<td width=\"175\">&lt; 37 500<\/td>\n<td width=\"158\">Franchise en base<\/td>\n<td width=\"170\">R\u00e9el normal ou simplifi\u00e9<\/td>\n<\/tr>\n<\/tbody>\n<\/table>\n<p style=\"text-align: justify;\">En le cas des activit\u00e9s mixtes, le d\u00e9passement de l&rsquo;un des seuils entra\u00eene un changement de r\u00e9gime.<\/p>\n<p style=\"text-align: justify;\">Toutes les entreprises, quels que soient le montant de leur chiffre d\u2019affaires et leur r\u00e9gime d\u2019imposition, sont tenues de souscrire par voie \u00e9lectronique (t\u00e9l\u00e9d\u00e9claration) les d\u00e9clarations et d\u2019acquitter la TVA par la m\u00eame voie.<strong>\u00a0<\/strong><\/p>\n<p style=\"text-align: justify;\">La loi de finances 2025 instaure un seuil unique pour b\u00e9n\u00e9ficier du r\u00e9gime de la franchise<br \/>\nquelle que soit la nature de l\u2019activit\u00e9 : 25 000 \u20ac \u00e0 compter du 1er mars 2025. Actuellement, cette nouvelle mesure est provisoirement suspendue\u00a0jusqu\u2019au 1er juin 2025.<\/p>\n<p style=\"text-align: justify;\"><strong>A\u00b0)\u00a0R\u00e9el normal<\/strong><\/p>\n<p style=\"text-align: justify;\">La TVA d\u00e9ductible s&rsquo;impute sur la TVA collect\u00e9e.<\/p>\n<p style=\"text-align: justify;\"><em>TVA \u00e0 d\u00e9caisser du mois = TVA collect\u00e9e du mois &#8211;\u00a0TVA d\u00e9ductible sur IMMO\u00a0 du mois &#8211;\u00a0TVA d\u00e9ductible sur autres B. et S. du mois <\/em><\/p>\n<p style=\"text-align: justify;\">Les entreprises d\u00e9posent chaque mois un relev\u00e9 CA3. La d\u00e9claration est trimestrielle si la TVA annuelle \u00e0 d\u00e9caisser &lt; 4\u00a0000 \u20ac par an (option). La TVA \u00e0 d\u00e9caisser du mois M sera r\u00e9ellement pay\u00e9e entre le 15 et le 24 du mois suivant, selon les entreprises et leur lieu g\u00e9ographique. Si la TVA d\u00e9ductible au titre d&rsquo;un mois est sup\u00e9rieure \u00e0 la TVA collect\u00e9e:\u00a0la TVA \u00e0 d\u00e9caisser est n\u00e9gative (cr\u00e9dit de TVA), ce cr\u00e9dit est reportable le mois suivant. L&rsquo;entreprise peut demander au Tr\u00e9sor public le remboursement sous certaines conditions.<\/p>\n<p style=\"text-align: justify;\">Les entreprises qui \u00e9prouvent des difficult\u00e9s d\u2019ordre comptable \u00e0 l\u2019\u00e9poque des cong\u00e9s pay\u00e9s pour d\u00e9terminer leur chiffre d\u2019affaires taxable doivent d\u00e9poser dans le d\u00e9lai imparti la d\u00e9claration CA3, mais sont autoris\u00e9es \u00e0 ne pas remplir les rubriques habituelles \u00e0 condition de verser un acompte dont le montant doit \u00eatre au moins \u00e9gal \u00e0 80\u00a0% soit de la somme acquitt\u00e9e le mois pr\u00e9c\u00e9dent, soit de la somme r\u00e9ellement exigible.<\/p>\n<p style=\"text-align: justify;\"><strong>\u00a0<\/strong><strong>B\u00b0)\u00a0R\u00e9el simplifi\u00e9<\/strong><\/p>\n<p style=\"text-align: justify;\">L\u2019entreprise paie 2 acomptes de TVA\u00a0:<\/p>\n<ul>\n<li style=\"text-align: justify;\">Mi juillet\u00a0: 55 %<\/li>\n<li style=\"text-align: justify;\">Mi d\u00e9cembre\u00a0: 40 %.<\/li>\n<\/ul>\n<p style=\"text-align: justify;\">Base de calcul = TVA collect\u00e9e N-1 \u2013 TVA d\u00e9ductible \/ ABS N-1. Au plus tard d\u00e9but mai N+1, les redevables doivent souscrire une seule d\u00e9claration CA\u00a012 qui d\u00e9termine la TVA due au titre de la p\u00e9riode \u00e9coul\u00e9e et le montant des acomptes semestriels pour la p\u00e9riode suivante. La demande de remboursement de cr\u00e9dit de TVA doit \u00eatre formul\u00e9e sur la d\u00e9claration CA12.<\/p>\n<p style=\"text-align: justify;\">L\u2019entreprise a la possibilit\u00e9 de diminuer le montant d\u2019un acompte, si elle estime que ce montant est sup\u00e9rieur d\u2019au moins 10 % \u00e0 la TVA r\u00e9ellement due du semestre.<\/p>\n<p style=\"text-align: justify;\">L\u2019entreprise est dispens\u00e9e du versement d\u2019acomptes lorsque la TVA due au titre de l\u2019exercice pr\u00e9c\u00e9dent, avant d\u00e9duction de la TVA relative aux immobilisations, est inf\u00e9rieure \u00e0 1 000 \u20ac. L\u2019int\u00e9gralit\u00e9 de la TVA doit alors \u00eatre vers\u00e9e lors du d\u00e9p\u00f4t de la d\u00e9claration annuelle.<\/p>\n<p style=\"text-align: justify;\"><strong>C\u00b0) Franchise de TVA<\/strong><\/p>\n<p style=\"text-align: justify;\">La franchise de TVA permet de dispenser de la d\u00e9claration et du paiement de la taxe, les petites entreprises dont le CA n&rsquo;exc\u00e8de pas les limites de la franchise en base. En contrepartie, ils ne peuvent pas d\u00e9duire la TVA factur\u00e9e par les fournisseurs. Ils doivent indiquer sur leurs factures \u00ab\u00a0TVA non applicable (article 293B du CGI)\u00a0\u00bb. Pas de TVA collect\u00e9e et la TVA factur\u00e9e par les fournisseurs n\u2019est pas d\u00e9ductible.<\/p>\n<p style=\"text-align: justify;\">La taxe sur les salaires devient exigible. L&rsquo;option pour le paiement de la TVA reste possible. Le contribuable a la qualit\u00e9 d&rsquo;assujetti sans \u00eatre redevable de la TVA. Les contribuables soumis au micro-BIC doivent tenir et pr\u00e9senter sur demande du service des imp\u00f4ts, un registre r\u00e9capitul\u00e9 par ann\u00e9e, pr\u00e9sentant le d\u00e9tail de leurs achats, ainsi qu&rsquo;un livre journal tenu au jour le jour et pr\u00e9sentant le d\u00e9tail de leurs recettes professionnelles, appuy\u00e9s des factures et de toutes autres pi\u00e8ces justificatives.<\/p>\n<p style=\"text-align: justify;\"><strong>III\u00b0 Remboursement du cr\u00e9dit de TVA<\/strong><\/p>\n<p style=\"text-align: justify;\"><strong>\u00a0<\/strong><strong>A\u00b0) Remboursement annuel<\/strong><\/p>\n<p style=\"text-align: justify;\">Le cr\u00e9dit remboursable est constat\u00e9 au 31 d\u00e9cembre de l\u2019ann\u00e9e \u00e9coul\u00e9e, ou \u00e0 l\u2019issue de l\u2019exercice si celui-ci ne co\u00efncide pas avec l\u2019ann\u00e9e civile (r\u00e9gime r\u00e9el simplifi\u00e9). La demande de remboursement doit porter sur un montant minimum de 150 \u20ac.<\/p>\n<p style=\"text-align: justify;\"><strong>B\u00b0) Remboursement semestriel<\/strong><\/p>\n<p style=\"text-align: justify;\"><strong>\u00a0<\/strong>Les entreprises relevant du r\u00e9gime simplifi\u00e9 d&rsquo;imposition (RSI) soumises au versement d&rsquo;acomptes semestriels peuvent effectuer une demande de remboursement. La demande doit porter sur un montant minimum de 760 \u20ac et le remboursement ne peut porter que sur un cr\u00e9dit ayant pour origine l&rsquo;acquisition de biens constituant des immobilisations. La p\u00e9riode sur laquelle porte le remboursement d\u00e9pend de la date de cl\u00f4ture de l&rsquo;exercice comptable.<\/p>\n<p style=\"text-align: justify;\"><strong>C\u00b0) Remboursement trimestriel<\/strong><\/p>\n<p style=\"text-align: justify;\">Les entreprises qui t\u00e9l\u00e9transmettent des d\u00e9clarations trimestrielles de TVA peuvent effectuer \u00e0 l\u2019issue de chacun des trois premiers trimestres civils une demande de remboursement. La demande doit porter sur un montant minimum de 760 \u20ac.<\/p>\n<p style=\"text-align: justify;\"><strong>D\u00b0) Remboursement mensuel<\/strong><\/p>\n<p style=\"text-align: justify;\">Les entreprises qui d\u00e9posent des d\u00e9clarations mensuelles de TVA peuvent demander un remboursement lorsque ces d\u00e9clarations font appara\u00eetre un cr\u00e9dit de taxe d\u00e9ductible (quel que soit le r\u00e9gime d\u2019imposition). La demande de remboursement doit porter sur un montant minimum de 760 \u20ac.<strong>\u00a0<\/strong><\/p>\n<p style=\"text-align: justify;\"><strong>E\u00b0) Proc\u00e9dure de remboursement sp\u00e9ciale aux op\u00e9rations du commerce ext\u00e9rieur. <\/strong>Supprim\u00e9e depuis le 01\/01\/2014.<\/p>\n","protected":false},"excerpt":{"rendered":"<p>&nbsp; I\u00b0) Obligations Tout assujetti doit d\u00e9clarer son existence au centre des imp\u00f4ts du lieu de son principal \u00e9tablissement. Un num\u00e9ro d&rsquo;identification intracommunautaire lui est attribu\u00e9. La comptabilit\u00e9 doit permettre de distinguer les op\u00e9rations imposables, selon leur taux et les &hellip; <a href=\"https:\/\/web-france.eu\/index.php\/2025\/03\/12\/regimes-dimposition\/\">Continuer la lecture <span class=\"meta-nav\">&rarr;<\/span><\/a> <a href=\"https:\/\/web-france.eu\/index.php\/2025\/03\/12\/regimes-dimposition\/\">Continuer la lecture <span class=\"meta-nav\">&rarr;<\/span><\/a><\/p>\n","protected":false},"author":1,"featured_media":0,"comment_status":"closed","ping_status":"open","sticky":false,"template":"","format":"standard","meta":{"footnotes":""},"categories":[1],"tags":[],"_links":{"self":[{"href":"https:\/\/web-france.eu\/index.php\/wp-json\/wp\/v2\/posts\/170"}],"collection":[{"href":"https:\/\/web-france.eu\/index.php\/wp-json\/wp\/v2\/posts"}],"about":[{"href":"https:\/\/web-france.eu\/index.php\/wp-json\/wp\/v2\/types\/post"}],"author":[{"embeddable":true,"href":"https:\/\/web-france.eu\/index.php\/wp-json\/wp\/v2\/users\/1"}],"replies":[{"embeddable":true,"href":"https:\/\/web-france.eu\/index.php\/wp-json\/wp\/v2\/comments?post=170"}],"version-history":[{"count":6,"href":"https:\/\/web-france.eu\/index.php\/wp-json\/wp\/v2\/posts\/170\/revisions"}],"predecessor-version":[{"id":953,"href":"https:\/\/web-france.eu\/index.php\/wp-json\/wp\/v2\/posts\/170\/revisions\/953"}],"wp:attachment":[{"href":"https:\/\/web-france.eu\/index.php\/wp-json\/wp\/v2\/media?parent=170"}],"wp:term":[{"taxonomy":"category","embeddable":true,"href":"https:\/\/web-france.eu\/index.php\/wp-json\/wp\/v2\/categories?post=170"},{"taxonomy":"post_tag","embeddable":true,"href":"https:\/\/web-france.eu\/index.php\/wp-json\/wp\/v2\/tags?post=170"}],"curies":[{"name":"wp","href":"https:\/\/api.w.org\/{rel}","templated":true}]}}