{"id":168,"date":"2017-07-28T12:18:42","date_gmt":"2017-07-28T11:18:42","guid":{"rendered":"http:\/\/master-gestion.net\/wp\/?p=168"},"modified":"2017-07-28T12:18:42","modified_gmt":"2017-07-28T11:18:42","slug":"deduction","status":"publish","type":"post","link":"https:\/\/web-france.eu\/index.php\/2017\/07\/28\/deduction\/","title":{"rendered":"D\u00e9duction"},"content":{"rendered":"<p style=\"text-align: justify;\"><strong>I\u00b0) Conditions<\/strong><\/p>\n<p style=\"text-align: justify;\">Les conditions sont\u00a0:<\/p>\n<ul style=\"text-align: justify;\">\n<li>La personne doit \u00eatre assujettie \u00e0 la TVA (les consommateurs et particuliers ne peuvent pas d\u00e9duire la TVA factur\u00e9e)\u00a0;<\/li>\n<li>La TVA doit appara\u00eetre sur un document (facture, acte notari\u00e9, document douanier pour une importation, d\u00e9claration de livraison \u00e0 soi-m\u00eame) ;<\/li>\n<li>Les \u00e9l\u00e9ments grev\u00e9s de TVA doivent \u00eatre n\u00e9cessaires \u00e0 l&rsquo;exploitation et \u00eatre utilis\u00e9 pour la r\u00e9alisation d\u2019op\u00e9rations imposables \u00e0 la TVA ;<\/li>\n<li>La condition d&rsquo;exclusivit\u00e9\u00a0: toute d\u00e9duction est refus\u00e9e si le bien est utilis\u00e9 \u00e0 plus de 90\u00a0% pour les besoins priv\u00e9s.<\/li>\n<li>Le bien ou le service ne doit pas \u00eatre express\u00e9ment exclu du droit \u00e0 d\u00e9duction.<\/li>\n<\/ul>\n<p style=\"text-align: justify;\"><strong>II\u00b0)\u00a0Coefficient de d\u00e9duction<\/strong><\/p>\n<p style=\"text-align: justify;\"><strong>Coefficient de d\u00e9duction\u00a0: <\/strong>coef d\u2019assujettissement X coef de taxation X coef d\u2019admission<\/p>\n<p style=\"text-align: justify;\"><strong>Coefficient d\u2019assujettissement\u00a0: <\/strong>il est \u00e9gal, pour chaque bien ou service, \u00e0 la proportion d\u2019utilisation de ce bien ou de ce service \u00e0 des op\u00e9rations situ\u00e9es dans le champ d\u2019application de la TVA.<\/p>\n<p style=\"text-align: justify;\"><strong>Coefficient de taxation\u00a0: <\/strong>il traduit le principe selon lequel, au sein des op\u00e9rations situ\u00e9es dans le champ d\u2019application de la TVA, seule peut \u00eatre d\u00e9duite la taxe grevant des biens ou services utilis\u00e9s \u00e0 des op\u00e9rations ouvrant droit \u00e0 d\u00e9duction.<\/p>\n<p style=\"text-align: justify;\">Il d\u00e9termine le degr\u00e9 d\u2019affectation d\u2019un bien ou d\u2019un service \u00e0 des op\u00e9rations ouvrant droit \u00e0 d\u00e9duction de la TVA. Il correspond \u00e0 la proportion d\u2019utilisation de ce bien ou servie \u00e0 des op\u00e9rations ouvrant droit \u00e0 la d\u00e9duction de TVA.<\/p>\n<p style=\"text-align: justify;\"><strong>Coefficient d\u2019admission\u00a0: <\/strong>il traduit le pourcentage de d\u00e9duction d\u2019un bien ou d\u2019un service en tenant compte de r\u00e8gles fiscales. 0 : TVA non d\u00e9ductible. 1\u00a0: TVA enti\u00e8rement d\u00e9ductible. 0,8\u00a0: TVA d\u00e9ductible \u00e0 80 %.<\/p>\n<p style=\"text-align: justify;\"><strong>III\u00b0)\u00a0Exclusion du droit \u00e0 d\u00e9duction<\/strong><\/p>\n<p>&nbsp;<\/p>\n<table>\n<tbody>\n<tr>\n<td width=\"326\"><strong>TVA non d\u00e9ductible, coef d\u2019admission = 0<\/strong><\/td>\n<td width=\"326\"><strong>TVA d\u00e9ductible, coef d\u2019admission # 0<\/strong><\/td>\n<\/tr>\n<tr>\n<td width=\"326\">D\u00e9penses personnelles en consommation finale.<\/p>\n<p>Publicit\u00e9s prohib\u00e9es.<\/td>\n<td width=\"326\"><\/td>\n<\/tr>\n<tr>\n<td width=\"326\">D\u00e9penses de logement des dirigeants ou du personnel.<\/td>\n<td width=\"326\">D\u00e9penses relatives \u00e0 la fourniture \u00e0 titre gratuit du logement sur les chantiers ou dans les locaux d&rsquo;une entreprise du personnel de surveillance, de s\u00e9curit\u00e9 ou de gardiennage.<\/td>\n<\/tr>\n<tr>\n<td width=\"326\">V\u00e9hicules de transport de personnes (automobiles, camping-cars, bicyclettes, mobylettes, quads, bateaux, avions d\u2019affaires, breaks)\u00a0: acquisitions, r\u00e9parations, pi\u00e8ces d\u00e9tach\u00e9es, locations.<\/td>\n<td width=\"326\">V\u00e9hicules de transports de marchandises (pas de si\u00e8ges arri\u00e8re ou pas de point d\u2019ancrage pour l\u2019installation de si\u00e8ges arri\u00e8re).<\/p>\n<p>V\u00e9hicules destin\u00e9s \u00e0 \u00eatre revendus \u00e0 l\u2019\u00e9tat neuf.<\/p>\n<p>V\u00e9hicules donn\u00e9s en location (entreprises de location)<\/p>\n<p>V\u00e9hicules de plus de 8 places assises utilis\u00e9s pour le transport du personnel sur les lieux de travail.<\/p>\n<p>Transports r\u00e9alis\u00e9s en vertu d&rsquo;un contrat permanent de transport pour amener leur personnel sur les lieux de travail.<\/p>\n<p>V\u00e9hicules utilis\u00e9s par les auto-\u00e9coles.<\/p>\n<p>Les v\u00e9hicules utilis\u00e9s par les exploitants de taxis et les entreprises de transports publics de voyageurs.<\/td>\n<\/tr>\n<tr>\n<td width=\"326\">Cadeaux d\u2019affaires.<\/td>\n<td width=\"326\">Cadeaux n\u2019exc\u00e9dant pas 69 \u20ac TCC par personne et par an.<\/p>\n<p>\u00c9chantillons publicitaires et sp\u00e9cimens.<\/p>\n<p>Pr\u00e9sentoirs publicitaires d\u2019une valeur unitaire inf\u00e9rieure \u00e0 107\u00a0\u20ac TTC qu\u2019une entreprise remet gratuitement ou \u00e0 un prix r\u00e9duit \u00e0 sa client\u00e8le, utilis\u00e9s exclusivement comme support mat\u00e9riel pour la pr\u00e9sentation commerciale d\u2019un produit ou d\u2019une marque.<\/td>\n<\/tr>\n<tr>\n<td width=\"326\">Carburant\u00a0: essence.<\/p>\n<p>Lubrifiant utilis\u00e9 pour des v\u00e9hicules dont la TVA n\u2019est pas d\u00e9ductible.<\/td>\n<td width=\"326\">100 % pour le gazole et super-\u00e9thanol E 85 utilis\u00e9s par les v\u00e9hicules dont la TVA est d\u00e9ductible.<\/p>\n<p>80 % pour le gazole et super-\u00e9thanol E 85 utilis\u00e9s par des v\u00e9hicules dont la TVA n\u2019est pas d\u00e9ductible.<\/p>\n<p>100 % pour le GPL et GNV.<\/p>\n<p>100 % pour le lubrifiant utilis\u00e9 par des v\u00e9hicules dont la TVA est d\u00e9ductible.<\/td>\n<\/tr>\n<\/tbody>\n<\/table>\n<p style=\"text-align: justify;\"><strong>Alignement progressif du coefficient d\u2019admission de TVA de l\u2019essence<\/strong> vers celui du gazole et du E\u00a085\u00a0:<\/p>\n<table>\n<tbody>\n<tr>\n<td width=\"216\"><strong>Coef d\u2019admission sur l\u2019essence<\/strong><\/td>\n<td width=\"54\"><strong>Avant<\/strong><\/td>\n<td width=\"54\"><strong>2017<\/strong><\/td>\n<td width=\"54\"><strong>2018<\/strong><\/td>\n<td width=\"54\"><strong>2019<\/strong><\/td>\n<td width=\"54\"><strong>2020<\/strong><\/td>\n<td width=\"54\"><strong>2021<\/strong><\/td>\n<td width=\"54\"><strong>2022<\/strong><\/td>\n<\/tr>\n<tr>\n<td width=\"216\">V\u00e9hicules ouvrant droit \u00e0 d\u00e9duction<\/td>\n<td width=\"54\">0<\/td>\n<td width=\"54\">0<\/td>\n<td width=\"54\">0,20<\/td>\n<td width=\"54\">0,40<\/td>\n<td width=\"54\">0,60<\/td>\n<td width=\"54\">0,80<\/td>\n<td width=\"54\">1<\/td>\n<\/tr>\n<tr>\n<td width=\"216\">V\u00e9hicules n\u2019ouvrant pas droit \u00e0 d\u00e9duction<\/td>\n<td width=\"54\">0<\/td>\n<td width=\"54\">0,10<\/td>\n<td width=\"54\">0,20<\/td>\n<td width=\"54\">0,40<\/td>\n<td width=\"54\">0,60<\/td>\n<td width=\"54\">0,80<\/td>\n<td width=\"54\">0,80<\/td>\n<\/tr>\n<\/tbody>\n<\/table>\n<p>&nbsp;<\/p>\n<p style=\"text-align: justify;\"><strong>IV\u00b0) R\u00e9gularisation des d\u00e9ductions<\/strong><\/p>\n<p style=\"text-align: justify;\"><strong>A\u00b0) Disparition de marchandises<\/strong><\/p>\n<p style=\"text-align: justify;\">Les propri\u00e9taires de biens disparus doivent reverser la TVA initialement d\u00e9duite. En cas de vol avec d\u00e9p\u00f4t de plainte, ou d\u2019incendie, le reversement n&rsquo;est pas demand\u00e9.<\/p>\n<p style=\"text-align: justify;\">Pour les vols de faible importance dans les magasins, d\u00e9sign\u00e9s sous le terme de \u00ab d\u00e9marque inconnue \u00bb, il est admis que la r\u00e9gularisation ne soit pas effectu\u00e9e.<\/p>\n<p style=\"text-align: justify;\">Les entreprises de la grande distribution sont dispens\u00e9es du reversement de la TVA grevant le prix des denr\u00e9es alimentaires qu\u2019elles remettent gratuitement \u00e0 certaines associations humanitaires<\/p>\n<p style=\"text-align: justify;\"><strong>B\u00b0) Disparition d\u2019une immobilisation (bien meuble corporel)<\/strong><\/p>\n<p style=\"text-align: justify;\">Il y a reversement de TVA pendant la p\u00e9riode de r\u00e9gularisation (5 ans qui suivent l\u2019acquisition pour les biens meubles). La TVA \u00e0 reverser se fait par cinqui\u00e8me. Il y a dispense de reverser la TVA en cas de mise au rebut, sinistre et vol avec d\u00e9p\u00f4t d&rsquo;une plainte.<\/p>\n<p style=\"text-align: justify;\"><strong>C\u00b0) Autoconsommation<\/strong><\/p>\n<p style=\"text-align: justify;\">Il s&rsquo;agit de pr\u00e9l\u00e8vement sur les stocks pour les besoins priv\u00e9s de l&rsquo;exploitant, de sa famille ou du personnel. Il y a obligation de reverser la TVA initialement d\u00e9duite. En pratique la r\u00e9gularisation se fait en fin d&rsquo;exercice comptable.<\/p>\n","protected":false},"excerpt":{"rendered":"<p>I\u00b0) Conditions Les conditions sont\u00a0: La personne doit \u00eatre assujettie \u00e0 la TVA (les consommateurs et particuliers ne peuvent pas d\u00e9duire la TVA factur\u00e9e)\u00a0; La TVA doit appara\u00eetre sur un document (facture, acte notari\u00e9, document douanier pour une importation, d\u00e9claration &hellip; <a href=\"https:\/\/web-france.eu\/index.php\/2017\/07\/28\/deduction\/\">Continuer la lecture <span class=\"meta-nav\">&rarr;<\/span><\/a> <a href=\"https:\/\/web-france.eu\/index.php\/2017\/07\/28\/deduction\/\">Continuer la lecture <span class=\"meta-nav\">&rarr;<\/span><\/a><\/p>\n","protected":false},"author":1,"featured_media":0,"comment_status":"closed","ping_status":"open","sticky":false,"template":"","format":"standard","meta":{"footnotes":""},"categories":[1],"tags":[],"_links":{"self":[{"href":"https:\/\/web-france.eu\/index.php\/wp-json\/wp\/v2\/posts\/168"}],"collection":[{"href":"https:\/\/web-france.eu\/index.php\/wp-json\/wp\/v2\/posts"}],"about":[{"href":"https:\/\/web-france.eu\/index.php\/wp-json\/wp\/v2\/types\/post"}],"author":[{"embeddable":true,"href":"https:\/\/web-france.eu\/index.php\/wp-json\/wp\/v2\/users\/1"}],"replies":[{"embeddable":true,"href":"https:\/\/web-france.eu\/index.php\/wp-json\/wp\/v2\/comments?post=168"}],"version-history":[{"count":0,"href":"https:\/\/web-france.eu\/index.php\/wp-json\/wp\/v2\/posts\/168\/revisions"}],"wp:attachment":[{"href":"https:\/\/web-france.eu\/index.php\/wp-json\/wp\/v2\/media?parent=168"}],"wp:term":[{"taxonomy":"category","embeddable":true,"href":"https:\/\/web-france.eu\/index.php\/wp-json\/wp\/v2\/categories?post=168"},{"taxonomy":"post_tag","embeddable":true,"href":"https:\/\/web-france.eu\/index.php\/wp-json\/wp\/v2\/tags?post=168"}],"curies":[{"name":"wp","href":"https:\/\/api.w.org\/{rel}","templated":true}]}}