{"id":160,"date":"2024-07-18T08:30:14","date_gmt":"2024-07-18T06:30:14","guid":{"rendered":"http:\/\/master-gestion.net\/wp\/?p=160"},"modified":"2024-07-19T08:30:13","modified_gmt":"2024-07-19T06:30:13","slug":"fait-generateur-et-exigibilite","status":"publish","type":"post","link":"https:\/\/web-france.eu\/index.php\/2024\/07\/18\/fait-generateur-et-exigibilite\/","title":{"rendered":"Fait g\u00e9n\u00e9rateur et exigibilit\u00e9"},"content":{"rendered":"<p>&nbsp;<\/p>\n<p style=\"text-align: justify;\">La sixi\u00e8me directive europ\u00e9enne (17 mai 1977) et l&rsquo;art 269 du CGI distinguent le fait g\u00e9n\u00e9rateur et l&rsquo;exigibilit\u00e9 de la TVA.<\/p>\n<ul style=\"text-align: justify;\">\n<li>Le fait g\u00e9n\u00e9rateur est l&rsquo;\u00e9v\u00e9nement qui donne naissance \u00e0 la cr\u00e9ance fiscale du Tr\u00e9sor Public.<\/li>\n<li>L&rsquo;exigibilit\u00e9 est l&rsquo;\u00e9v\u00e9nement qui donne droit au Tr\u00e9sor de r\u00e9clamer le paiement de la taxe.<\/li>\n<\/ul>\n<p style=\"text-align: justify;\">Dans la pratique, l&rsquo;exigibilit\u00e9 permet de d\u00e9terminer la date d&rsquo;imposition chez le fournisseur et la date de d\u00e9duction chez le client.<\/p>\n<p style=\"text-align: justify;\"><strong>I\u00b0)\u00a0Le r\u00e9gime des bien meubles corporels<\/strong><\/p>\n<p style=\"text-align: justify;\">Les biens meubles corporels sont des achats de biens et des immobilisations. Le fait g\u00e9n\u00e9rateur et l&rsquo;exigibilit\u00e9 co\u00efncident, on retient la date de livraison ou de d\u00e9livrance (en pratique la date de facturation).<\/p>\n<p style=\"text-align: justify;\">Pour les acomptes encaiss\u00e9s \u00e0 compter du 1<sup>er<\/sup> janvier 2023, la TVA est imm\u00e9diatement exigible, afin de mettre en conformit\u00e9 le droit fran\u00e7ais, le CGI pr\u00e9voit le d\u00e9clenchement d&rsquo;une telle exigibilit\u00e9 au moment du versement d&rsquo;acomptes pr\u00e9alables \u00e0 la livraison de biens.<\/p>\n<p style=\"text-align: justify;\">En cas d&rsquo;impay\u00e9s (654 pertes sur cr\u00e9ances irr\u00e9couvrables), le fournisseur qui a fait l&rsquo;avance de la TVA au Tr\u00e9sor peut imputer (d\u00e9duction) cette TVA sur sa prochaine d\u00e9claration.<\/p>\n<p style=\"text-align: justify;\"><strong>II\u00b0)\u00a0Le r\u00e9gime des prestations de services et des travaux immobiliers<\/strong><\/p>\n<p style=\"text-align: justify;\"><strong>A\u00b0) <\/strong><strong>R\u00e8gle g\u00e9n\u00e9rale<\/strong><\/p>\n<p style=\"text-align: justify;\">Le fait g\u00e9n\u00e9rateur et l&rsquo;exigibilit\u00e9 ne se superposent pas.<\/p>\n<ul style=\"text-align: justify;\">\n<li>Le fait g\u00e9n\u00e9rateur\u00a0:\u00a0l&rsquo;ach\u00e8vement des prestations ou des travaux.<\/li>\n<li>L&rsquo;exigibilit\u00e9\u00a0:\u00a0l&rsquo;encaissement des sommes.<\/li>\n<\/ul>\n<p style=\"text-align: justify;\"><em>En esp\u00e8ces\u00a0:\u00a0la date du paiement.<\/em><\/p>\n<p style=\"text-align: justify;\"><em>Virement bancaire ou postal\u00a0:\u00a0date de l&rsquo;op\u00e9ration (relev\u00e9).<\/em><\/p>\n<p style=\"text-align: justify;\"><em>Ch\u00e8que\u00a0:\u00a0remise mat\u00e9rielle du ch\u00e8que (m\u00eame si l&rsquo;encaissement se fait plus tard).<\/em><\/p>\n<p style=\"text-align: justify;\"><em>Effet de commerce (LDC ou traite, BAO)\u00a0:\u00a0\u00e9ch\u00e9ance (m\u00eame si l&rsquo;effet est escompt\u00e9), la TVA se calcule sur le nominal et non sur la valeur nette.<\/em><\/p>\n<p style=\"text-align: justify;\"><em>Affacturage\u00a0:\u00a0\u00e9ch\u00e9ance.<\/em><\/p>\n<p style=\"text-align: justify;\">La TVA est exigible chaque fois qu&rsquo;il y a encaissements\u00a0:\u00a0acomptes successifs et solde.<\/p>\n<p style=\"text-align: justify;\"><strong>\u00a0<\/strong><strong>B\u00b0)\u00a0Option\u00a0: TVA acquitt\u00e9e d\u2019apr\u00e8s les d\u00e9bits<\/strong><\/p>\n<p style=\"text-align: justify;\">Les prestataires de services et les entrepreneurs de travaux immobiliers peuvent \u00eatre autoris\u00e9s \u00e0 acquitter la TVA d&rsquo;apr\u00e8s les d\u00e9bits. La demande de cette option doit \u00eatre faite aupr\u00e8s des services fiscaux. Le d\u00e9bit co\u00efncide avec l&rsquo;inscription de la somme au d\u00e9bit du compte \u00ab\u00a0CLIENTS\u00a0\u00bb C.E.\u00a01938 (en pratique la date de facturation). Le fournisseur doit indiquer sur ses factures:\u00a0<em>\u00ab\u00a0TVA acquitt\u00e9e sur les d\u00e9bits. <\/em>L\u2019option est globale.<\/p>\n<p style=\"text-align: justify;\"><em>Le fait d&rsquo;opter pour ce r\u00e9gime ne doit pas retarder l&rsquo;exigibilit\u00e9.<\/em><\/p>\n<p style=\"text-align: justify;\"><strong>III\u00b0)\u00a0R\u00e9gimes particuliers<\/strong><\/p>\n<p style=\"text-align: justify;\"><strong>A\u00b0) Les logiciels<\/strong><\/p>\n<p style=\"text-align: justify;\">La fourniture de logiciel standard (logiciels de s\u00e9rie ou d&#8217;emploi g\u00e9n\u00e9ralis\u00e9) s&rsquo;analyse comme une vente de bien meuble.<\/p>\n<p style=\"text-align: justify;\">La fourniture de logiciel sp\u00e9cifique est assimil\u00e9e \u00e0 une prestation de services. Les adaptations d&rsquo;un logiciel standard s&rsquo;analysent \u00e9galement comme une prestation de services.<\/p>\n<p style=\"text-align: justify;\"><strong>B\u00b0) Importation<\/strong><\/p>\n<p style=\"text-align: justify;\">Le fait g\u00e9n\u00e9rateur intervient lors de l&rsquo;entr\u00e9e en France et l&rsquo;exigibilit\u00e9, au moment des formalit\u00e9s de d\u00e9douanement. La base imposable est la valeur des marchandises en douane augment\u00e9es des droits et taxes exigibles.<\/p>\n<p style=\"text-align: justify;\"><strong>C\u00b0) Acquisitions intracommunautaires<\/strong><\/p>\n<p style=\"text-align: justify;\">Le fait g\u00e9n\u00e9rateur se situe \u00e0 la date de r\u00e9ception des marchandises. L&rsquo;exigibilit\u00e9 intervient le 15 du mois suivant le fait g\u00e9n\u00e9rateur, sauf si la facture est re\u00e7ue avant.<\/p>\n","protected":false},"excerpt":{"rendered":"<p>&nbsp; La sixi\u00e8me directive europ\u00e9enne (17 mai 1977) et l&rsquo;art 269 du CGI distinguent le fait g\u00e9n\u00e9rateur et l&rsquo;exigibilit\u00e9 de la TVA. Le fait g\u00e9n\u00e9rateur est l&rsquo;\u00e9v\u00e9nement qui donne naissance \u00e0 la cr\u00e9ance fiscale du Tr\u00e9sor Public. L&rsquo;exigibilit\u00e9 est l&rsquo;\u00e9v\u00e9nement &hellip; <a href=\"https:\/\/web-france.eu\/index.php\/2024\/07\/18\/fait-generateur-et-exigibilite\/\">Continuer la lecture <span class=\"meta-nav\">&rarr;<\/span><\/a> <a href=\"https:\/\/web-france.eu\/index.php\/2024\/07\/18\/fait-generateur-et-exigibilite\/\">Continuer la lecture <span class=\"meta-nav\">&rarr;<\/span><\/a><\/p>\n","protected":false},"author":1,"featured_media":0,"comment_status":"closed","ping_status":"open","sticky":false,"template":"","format":"standard","meta":{"footnotes":""},"categories":[1],"tags":[],"_links":{"self":[{"href":"https:\/\/web-france.eu\/index.php\/wp-json\/wp\/v2\/posts\/160"}],"collection":[{"href":"https:\/\/web-france.eu\/index.php\/wp-json\/wp\/v2\/posts"}],"about":[{"href":"https:\/\/web-france.eu\/index.php\/wp-json\/wp\/v2\/types\/post"}],"author":[{"embeddable":true,"href":"https:\/\/web-france.eu\/index.php\/wp-json\/wp\/v2\/users\/1"}],"replies":[{"embeddable":true,"href":"https:\/\/web-france.eu\/index.php\/wp-json\/wp\/v2\/comments?post=160"}],"version-history":[{"count":1,"href":"https:\/\/web-france.eu\/index.php\/wp-json\/wp\/v2\/posts\/160\/revisions"}],"predecessor-version":[{"id":910,"href":"https:\/\/web-france.eu\/index.php\/wp-json\/wp\/v2\/posts\/160\/revisions\/910"}],"wp:attachment":[{"href":"https:\/\/web-france.eu\/index.php\/wp-json\/wp\/v2\/media?parent=160"}],"wp:term":[{"taxonomy":"category","embeddable":true,"href":"https:\/\/web-france.eu\/index.php\/wp-json\/wp\/v2\/categories?post=160"},{"taxonomy":"post_tag","embeddable":true,"href":"https:\/\/web-france.eu\/index.php\/wp-json\/wp\/v2\/tags?post=160"}],"curies":[{"name":"wp","href":"https:\/\/api.w.org\/{rel}","templated":true}]}}