{"id":154,"date":"2017-07-28T12:06:03","date_gmt":"2017-07-28T11:06:03","guid":{"rendered":"http:\/\/master-gestion.net\/wp\/?p=154"},"modified":"2017-07-28T12:06:03","modified_gmt":"2017-07-28T11:06:03","slug":"champ-dapplication-de-la-tva","status":"publish","type":"post","link":"https:\/\/web-france.eu\/index.php\/2017\/07\/28\/champ-dapplication-de-la-tva\/","title":{"rendered":"Champ d&rsquo;application"},"content":{"rendered":"<p style=\"text-align: justify;\">Le champ d\u2019application permet de savoir si une op\u00e9ration est soumise ou non \u00e0 la TVA.<\/p>\n<p style=\"text-align: justify;\"><strong>I\u00b0)\u00a0Les op\u00e9rations imposables par nature<\/strong><\/p>\n<p style=\"text-align: justify;\"><strong>Article 256 du CGI\u00a0:\u00a0\u00ab\u00a0<\/strong>Sont soumises \u00e0 la taxe sur la valeur ajout\u00e9e les livraisons de biens et les prestations de services effectu\u00e9es \u00e0 titre on\u00e9reux par un assujetti agissant en tant que tel.<em>\u00bb<\/em><\/p>\n<p style=\"text-align: justify;\"><strong>Article 256 A du CGI\u00a0:\u00a0\u00ab\u00a0<\/strong>Sont assujetties \u00e0 la taxe sur la valeur ajout\u00e9e les personnes qui effectuent de mani\u00e8re ind\u00e9pendante une des activit\u00e9s \u00e9conomiques mentionn\u00e9es au cinqui\u00e8me alin\u00e9a, quels que soient le statut juridique de ces personnes, leur situation au regard des autres imp\u00f4ts et la forme ou la nature de leur intervention.\u00a0\u00bb<\/p>\n<p style=\"text-align: justify;\">Trois conditions pour entrer dans le champ d\u2019application de la TVA\u00a0:<\/p>\n<ul style=\"text-align: justify;\">\n<li>Livraison de biens meubles et prestations de services effectu\u00e9es \u00e0 titre on\u00e9reux;<\/li>\n<li>Op\u00e9rations relevant d&rsquo;une activit\u00e9 \u00e9conomique;<\/li>\n<li>\u00a0Op\u00e9rations r\u00e9alis\u00e9es par une personne assujettie \u00e0 la TVA.<\/li>\n<\/ul>\n<p style=\"text-align: justify;\"><strong>Les secteurs ayant une activit\u00e9 \u00e9conomique\u00a0:<\/strong><\/p>\n<ul style=\"text-align: justify;\">\n<li>Le secteur industriel et commercial ;<\/li>\n<li>Les secteurs prestataires de services et BNC (les professions m\u00e9dicales et param\u00e9dicales sont exon\u00e9r\u00e9es) ;<\/li>\n<li>Le secteur lib\u00e9ral\u00a0;<\/li>\n<li>Le secteur agricole.<\/li>\n<\/ul>\n<p style=\"text-align: justify;\"><strong>Recettes n\u2019entrant pas dans le champ d\u2019application de la TVA\u00a0:<\/strong><\/p>\n<ul style=\"text-align: justify;\">\n<li>Les dividendes et les int\u00e9r\u00eats d\u2019obligations\u00a0;<\/li>\n<li>Les subventions vers\u00e9es par les collectivit\u00e9s publiques et les aides interentreprises\u00a0;<\/li>\n<li>Les indemnit\u00e9s, lorsqu\u2019elles correspondent \u00e0 la r\u00e9paration d\u2019un pr\u00e9judice.<\/li>\n<\/ul>\n<p style=\"text-align: justify;\"><strong>II\u00b0)\u00a0Les op\u00e9rations imposables par d\u00e9termination de la loi<\/strong><\/p>\n<p style=\"text-align: justify;\">Le CGI soumet express\u00e9ment \u00e0 la TVA\u00a0:<\/p>\n<ul style=\"text-align: justify;\">\n<li>Les livraisons \u00e0 soi-m\u00eame : auto-fabrication, l&rsquo;entreprise fabrique elle-m\u00eame une immobilisation pour les besoins de son exploitation, la TVA est exigible \u00e0 la date de mise en service et est en m\u00eame temps d\u00e9ductible. La loi de simplification de la vie des entreprises du 20 d\u00e9cembre 2014 supprime l&rsquo;obligation de constater une LASM au titre des biens affect\u00e9s aux besoins de l&rsquo;entreprise pour les assujettis \u00e0 la TVA qui ne r\u00e9alisent que des op\u00e9rations ouvrant droit \u00e0 une d\u00e9duction compl\u00e8te de la taxe support\u00e9e en amont ;<\/li>\n<li>Les importations en provenance de pays hors Union Europ\u00e9enne et les acquisitions intracommunautaires\u00a0;<\/li>\n<li>Les pr\u00e9l\u00e8vements sur les stocks pour les besoins des dirigeants, des personnels ou des tires (autoconsommations)\u00a0;<\/li>\n<li>Certaines op\u00e9rations immobili\u00e8res r\u00e9alis\u00e9es hors activit\u00e9 \u00e9conomiques.<\/li>\n<\/ul>\n<p style=\"text-align: justify;\"><strong>III\u00b0)\u00a0Les op\u00e9rations exon\u00e9r\u00e9es de TVA<\/strong><\/p>\n<p style=\"text-align: justify;\">Ce sont des op\u00e9rations situ\u00e9es dans le champ d\u2019application de la TVA, mais qui se trouvent exon\u00e9r\u00e9es de TVA\u00a0:<\/p>\n<ul style=\"text-align: justify;\">\n<li>Les exportations vers des pays hors Union Europ\u00e9enne et les livraisons intracommunautaires ;<\/li>\n<li>Les op\u00e9rations m\u00e9dicales et param\u00e9dicales sans option ;<\/li>\n<li>Les activit\u00e9s d\u2019enseignement sans option\u00a0;<\/li>\n<li>Les op\u00e9rations bancaires et financi\u00e8res:\u00a0pas de TVA sur les produits financiers (int\u00e9r\u00eats) ;<\/li>\n<li>Les op\u00e9rations de bourse et d\u2019assurance sans option ;<\/li>\n<li>Les services non commerciaux rendus \u00e0 leurs membres par les associations sans option\u00a0;<\/li>\n<li>Les locations d\u2019immeubles nus destin\u00e9s \u00e0 l\u2019habitation sans option, nus destin\u00e9s \u00e0 l\u2019usage professionnel option possible\u00a0;<\/li>\n<li>Les ventes d\u2019immeubles et de fonds de commerce soumises aux droits d\u2019enregistrement.<\/li>\n<\/ul>\n<p style=\"text-align: justify;\"><strong>\u00a0<\/strong><strong>IV\u00b0)\u00a0Op\u00e9rations soumises volontairement \u00e0 la TVA<\/strong><\/p>\n<p style=\"text-align: justify;\">Les avantages de l&rsquo;option\u00a0:\u00a0r\u00e9cup\u00e9ration de la taxe factur\u00e9e par les fournisseurs :<\/p>\n<ul>\n<li style=\"text-align: justify;\">Les op\u00e9rations et locations immobili\u00e8res exon\u00e9r\u00e9es de TVA (locations de locaux nus \u00e0 usage professionnel) ;<\/li>\n<li style=\"text-align: justify;\">Certains services publics fournis par des collectivit\u00e9s locales\u00a0;<\/li>\n<li style=\"text-align: justify;\">Certaines activit\u00e9s bancaires\u00a0: commissions\u00a0;<\/li>\n<li style=\"text-align: justify;\">Petites entreprises soumises \u00e0 la franchise en base.<\/li>\n<\/ul>\n","protected":false},"excerpt":{"rendered":"<p>Le champ d\u2019application permet de savoir si une op\u00e9ration est soumise ou non \u00e0 la TVA. I\u00b0)\u00a0Les op\u00e9rations imposables par nature Article 256 du CGI\u00a0:\u00a0\u00ab\u00a0Sont soumises \u00e0 la taxe sur la valeur ajout\u00e9e les livraisons de biens et les prestations &hellip; <a href=\"https:\/\/web-france.eu\/index.php\/2017\/07\/28\/champ-dapplication-de-la-tva\/\">Continuer la lecture <span class=\"meta-nav\">&rarr;<\/span><\/a> <a href=\"https:\/\/web-france.eu\/index.php\/2017\/07\/28\/champ-dapplication-de-la-tva\/\">Continuer la lecture <span class=\"meta-nav\">&rarr;<\/span><\/a><\/p>\n","protected":false},"author":1,"featured_media":0,"comment_status":"closed","ping_status":"open","sticky":false,"template":"","format":"standard","meta":{"footnotes":""},"categories":[1],"tags":[],"_links":{"self":[{"href":"https:\/\/web-france.eu\/index.php\/wp-json\/wp\/v2\/posts\/154"}],"collection":[{"href":"https:\/\/web-france.eu\/index.php\/wp-json\/wp\/v2\/posts"}],"about":[{"href":"https:\/\/web-france.eu\/index.php\/wp-json\/wp\/v2\/types\/post"}],"author":[{"embeddable":true,"href":"https:\/\/web-france.eu\/index.php\/wp-json\/wp\/v2\/users\/1"}],"replies":[{"embeddable":true,"href":"https:\/\/web-france.eu\/index.php\/wp-json\/wp\/v2\/comments?post=154"}],"version-history":[{"count":0,"href":"https:\/\/web-france.eu\/index.php\/wp-json\/wp\/v2\/posts\/154\/revisions"}],"wp:attachment":[{"href":"https:\/\/web-france.eu\/index.php\/wp-json\/wp\/v2\/media?parent=154"}],"wp:term":[{"taxonomy":"category","embeddable":true,"href":"https:\/\/web-france.eu\/index.php\/wp-json\/wp\/v2\/categories?post=154"},{"taxonomy":"post_tag","embeddable":true,"href":"https:\/\/web-france.eu\/index.php\/wp-json\/wp\/v2\/tags?post=154"}],"curies":[{"name":"wp","href":"https:\/\/api.w.org\/{rel}","templated":true}]}}